{"id":833,"date":"2009-07-21T23:52:35","date_gmt":"2009-07-21T23:52:35","guid":{"rendered":"http:\/\/www.montedospinheirinhos.com\/diary\/?p=833"},"modified":"2009-07-28T21:21:32","modified_gmt":"2009-07-28T21:21:32","slug":"faceco-2","status":"publish","type":"post","link":"https:\/\/www.montedospinheirinhos.com\/diary\/faceco-2\/","title":{"rendered":"FACECO"},"content":{"rendered":"<p align=\"center\">A edi\u00e7\u00e3o de 2009 da FACECO atraiu milhares de visitantes que n\u00e3o quiseram perder o evento para tomar contacto com a realidade econ\u00f3mica e cultural do Concelho, apreciar os trabalhos dos expositores,\u00a0deleitar-se com muitos e bons petiscos e assistir aos espect\u00e1culos que se realizaram durante todo o fim-de-semana.<\/p>\n<p align=\"center\"><img loading=\"lazy\" decoding=\"async\" id=\"image832\" alt=\"Faceco\" src=\"https:\/\/www.montedospinheirinhos.com\/diary\/wp-content\/uploads\/2009\/07\/IMG_2103.jpg\" width=\"500\" height=\"375\" \/><\/p>\n<p align=\"center\"><img loading=\"lazy\" decoding=\"async\" id=\"image834\" alt=\"Faceco\" src=\"https:\/\/www.montedospinheirinhos.com\/diary\/wp-content\/uploads\/2009\/07\/IMG_2121.jpg\" width=\"500\" height=\"375\" \/><\/p>\n<p align=\"center\">Dedicado aos moinhos, uma das imagens de marca do concelho, o pavilh\u00e3o do artesanato ostentava logo \u00e0 entrada uma r\u00e9plica de um desses marcos da cultura local.<\/p>\n<p align=\"center\"><img loading=\"lazy\" decoding=\"async\" id=\"image835\" alt=\"Faceco\" src=\"https:\/\/www.montedospinheirinhos.com\/diary\/wp-content\/uploads\/2009\/07\/IMG_2050.jpg\" width=\"500\" height=\"375\" \/><\/p>\n<p align=\"center\">L\u00e1 dentro os artes\u00e3os apresentavam os seus trabalhos e todos se maravilharam com\u00a0a diversidade, a imagina\u00e7\u00e3o e a beleza dos mesmos.<\/p>\n<p align=\"center\"><img loading=\"lazy\" decoding=\"async\" id=\"image836\" alt=\"Faceco\" src=\"https:\/\/www.montedospinheirinhos.com\/diary\/wp-content\/uploads\/2009\/07\/IMG_2052.jpg\" width=\"500\" height=\"375\" \/><\/p>\n<p align=\"center\"><img loading=\"lazy\" decoding=\"async\" id=\"image837\" alt=\"Faceco\" src=\"https:\/\/www.montedospinheirinhos.com\/diary\/wp-content\/uploads\/2009\/07\/IMG_2100.jpg\" width=\"500\" height=\"375\" \/><\/p>\n<p align=\"center\"><img loading=\"lazy\" decoding=\"async\" id=\"image838\" alt=\"Faceco\" src=\"https:\/\/www.montedospinheirinhos.com\/diary\/wp-content\/uploads\/2009\/07\/IMG_2106.jpg\" width=\"500\" height=\"375\" \/><\/p>\n<p align=\"center\"><img loading=\"lazy\" decoding=\"async\" id=\"image839\" alt=\"Faceco\" src=\"https:\/\/www.montedospinheirinhos.com\/diary\/wp-content\/uploads\/2009\/07\/IMG_2105.jpg\" width=\"500\" height=\"375\" \/><\/p>\n<p align=\"center\"><img loading=\"lazy\" decoding=\"async\" id=\"image841\" alt=\"Faceco\" src=\"https:\/\/www.montedospinheirinhos.com\/diary\/wp-content\/uploads\/2009\/07\/IMG_2107.jpg\" width=\"500\" height=\"375\" \/><\/p>\n<p align=\"center\"><img loading=\"lazy\" decoding=\"async\" id=\"image846\" alt=\"Faceco\" src=\"https:\/\/www.montedospinheirinhos.com\/diary\/wp-content\/uploads\/2009\/07\/IMG_2110.jpg\" width=\"500\" height=\"375\" \/><\/p>\n<p align=\"center\"><img loading=\"lazy\" decoding=\"async\" id=\"image842\" alt=\"Faceco\" src=\"https:\/\/www.montedospinheirinhos.com\/diary\/wp-content\/uploads\/2009\/07\/IMG_2053.jpg\" width=\"500\" height=\"375\" \/><\/p>\n<p align=\"center\"><img loading=\"lazy\" decoding=\"async\" id=\"image843\" alt=\"Faceco\" src=\"https:\/\/www.montedospinheirinhos.com\/diary\/wp-content\/uploads\/2009\/07\/IMG_2068.jpg\" width=\"500\" height=\"375\" \/><\/p>\n<p align=\"center\"><img loading=\"lazy\" decoding=\"async\" id=\"image844\" alt=\"Faceco\" src=\"https:\/\/www.montedospinheirinhos.com\/diary\/wp-content\/uploads\/2009\/07\/IMG_2102.jpg\" width=\"500\" height=\"375\" \/><\/p>\n<p align=\"center\">Quadros\u00a0de um quotidiano ainda em actividade, remetiam os visitantes para um meio rural\u00a0que a organiza\u00e7\u00e3o acarinha especialmente, quer apoiando as popula\u00e7\u00f5es com novos projectos, incluindo o bem estar dos idosos, quer apostando no sector da actividade pecu\u00e1ria, muito forte no concelho e tamb\u00e9m uma das suas imagens.<\/p>\n<p align=\"center\"><img loading=\"lazy\" decoding=\"async\" id=\"image845\" alt=\"Faceco\" src=\"https:\/\/www.montedospinheirinhos.com\/diary\/wp-content\/uploads\/2009\/07\/IMG_2079.jpg\" width=\"500\" height=\"375\" \/><\/p>\n<p align=\"center\"><img loading=\"lazy\" decoding=\"async\" id=\"image863\" alt=\"Faceco\" src=\"https:\/\/www.montedospinheirinhos.com\/diary\/wp-content\/uploads\/2009\/07\/IMG_2081.jpg\" width=\"500\" height=\"375\" \/><\/p>\n<p align=\"center\"><img loading=\"lazy\" decoding=\"async\" id=\"image847\" alt=\"Faceco\" src=\"https:\/\/www.montedospinheirinhos.com\/diary\/wp-content\/uploads\/2009\/07\/IMG_2113.jpg\" width=\"500\" height=\"375\" \/><\/p>\n<p align=\"center\"><img loading=\"lazy\" decoding=\"async\" id=\"image848\" alt=\"Faceco\" src=\"https:\/\/www.montedospinheirinhos.com\/diary\/wp-content\/uploads\/2009\/07\/IMG_2098.jpg\" width=\"500\" height=\"375\" \/><\/p>\n<p align=\"center\"><img loading=\"lazy\" decoding=\"async\" id=\"image849\" alt=\"Faceco\" src=\"https:\/\/www.montedospinheirinhos.com\/diary\/wp-content\/uploads\/2009\/07\/IMG_2099.jpg\" width=\"500\" height=\"375\" \/><\/p>\n<p align=\"center\"><img loading=\"lazy\" decoding=\"async\" id=\"image850\" alt=\"Faceco\" src=\"https:\/\/www.montedospinheirinhos.com\/diary\/wp-content\/uploads\/2009\/07\/IMG_2066.jpg\" width=\"500\" height=\"375\" \/><\/p>\n<p align=\"center\"><img loading=\"lazy\" decoding=\"async\" id=\"image851\" alt=\"Faceco\" src=\"https:\/\/www.montedospinheirinhos.com\/diary\/wp-content\/uploads\/2009\/07\/IMG_2112.jpg\" width=\"500\" height=\"375\" \/><\/p>\n<p align=\"center\"><img loading=\"lazy\" decoding=\"async\" id=\"image852\" alt=\"Faceco\" src=\"https:\/\/www.montedospinheirinhos.com\/diary\/wp-content\/uploads\/2009\/07\/IMG_2057.jpg\" width=\"500\" height=\"375\" \/><\/p>\n<p align=\"center\"><img loading=\"lazy\" decoding=\"async\" id=\"image853\" alt=\"Faceco\" src=\"https:\/\/www.montedospinheirinhos.com\/diary\/wp-content\/uploads\/2009\/07\/IMG_2097.jpg\" width=\"500\" height=\"375\" \/><\/p>\n<p align=\"center\">Quanto aos petiscos, a Taberna T\u00edpica atraiu muitos apreciadores dos sabores tradicionais e da companhia dos amigos para uma boa festa. Reconstitui\u00e7\u00e3o muito fiel do que costumava ser o ponto de encontro da aldeia.<\/p>\n<p align=\"center\"><img loading=\"lazy\" decoding=\"async\" id=\"image854\" alt=\"Faceco\" src=\"https:\/\/www.montedospinheirinhos.com\/diary\/wp-content\/uploads\/2009\/07\/IMG_2087.jpg\" width=\"500\" height=\"375\" \/><\/p>\n<p align=\"center\"><img loading=\"lazy\" decoding=\"async\" id=\"image855\" alt=\"Faceco\" src=\"https:\/\/www.montedospinheirinhos.com\/diary\/wp-content\/uploads\/2009\/07\/IMG_2119.jpg\" width=\"500\" height=\"375\" \/><\/p>\n<p align=\"center\"><img loading=\"lazy\" decoding=\"async\" id=\"image857\" alt=\"Faceco\" src=\"https:\/\/www.montedospinheirinhos.com\/diary\/wp-content\/uploads\/2009\/07\/IMG_2082.jpg\" width=\"500\" height=\"375\" \/><\/p>\n<p align=\"center\"><img loading=\"lazy\" decoding=\"async\" id=\"image856\" alt=\"Faceco\" src=\"https:\/\/www.montedospinheirinhos.com\/diary\/wp-content\/uploads\/2009\/07\/IMG_2115.jpg\" width=\"500\" height=\"375\" \/><\/p>\n<p align=\"center\"><img loading=\"lazy\" decoding=\"async\" id=\"image860\" alt=\"Faceco\" src=\"https:\/\/www.montedospinheirinhos.com\/diary\/wp-content\/uploads\/2009\/07\/IMG_2118.jpg\" width=\"500\" height=\"375\" \/><\/p>\n<p align=\"center\"><img loading=\"lazy\" decoding=\"async\" id=\"image861\" alt=\"Faceco\" src=\"https:\/\/www.montedospinheirinhos.com\/diary\/wp-content\/uploads\/2009\/07\/IMG_2093.jpg\" width=\"500\" height=\"375\" \/><\/p>\n<p align=\"center\">E com mais uma aguardente de\u00a0medronho da regi\u00e3o mais um cliente que ficou satisfeito.<\/p>\n<p align=\"center\"><img loading=\"lazy\" decoding=\"async\" id=\"image862\" alt=\"Faceco src=\" src=\"https:\/\/www.montedospinheirinhos.com\/diary\/wp-content\/uploads\/2009\/07\/IMG_2088.jpg\" width=\"500\" height=\"375\" \/><\/p>\n<p align=\"center\"><img loading=\"lazy\" decoding=\"async\" id=\"image859\" alt=\"Faceco\" src=\"https:\/\/www.montedospinheirinhos.com\/diary\/wp-content\/uploads\/2009\/07\/IMG_2096.jpg\" width=\"500\" height=\"375\" \/><\/p>\n<p align=\"center\">Depois das barrigas aconchegadas foi tempo de assistir a um dos espect\u00e1culos que se desenrolaram quer no palco Comunidades, quer no palco Principal onde o ponto alto foi a actua\u00e7\u00e3o de um dos \u00eddolos musicais mais populares\u00a0no momento, Tony Carreira e que atraiu muitos f\u00e3s garantindo assim mais uma enchente.<\/p>\n<p align=\"center\"><img loading=\"lazy\" decoding=\"async\" id=\"image864\" alt=\"Faceco\" src=\"https:\/\/www.montedospinheirinhos.com\/diary\/wp-content\/uploads\/2009\/07\/IMG_2072.jpg\" width=\"500\" height=\"375\" \/><\/p>\n<p align=\"center\"><img loading=\"lazy\" decoding=\"async\" id=\"image865\" alt=\"Faceco\" src=\"https:\/\/www.montedospinheirinhos.com\/diary\/wp-content\/uploads\/2009\/07\/IMG_2074.jpg\" width=\"500\" height=\"375\" \/><\/p>\n<p align=\"center\"><img loading=\"lazy\" decoding=\"async\" id=\"image866\" alt=\"Faceco\" src=\"https:\/\/www.montedospinheirinhos.com\/diary\/wp-content\/uploads\/2009\/07\/IMG_2078.jpg\" width=\"500\" height=\"375\" \/><\/p>\n<p align=\"center\"><img loading=\"lazy\" decoding=\"async\" id=\"image867\" alt=\"Faceco\" src=\"https:\/\/www.montedospinheirinhos.com\/diary\/wp-content\/uploads\/2009\/07\/IMG_2137.jpg\" width=\"500\" height=\"375\" \/><\/p>\n<p align=\"center\"><img loading=\"lazy\" decoding=\"async\" id=\"image868\" alt=\"Faceco\" src=\"https:\/\/www.montedospinheirinhos.com\/diary\/wp-content\/uploads\/2009\/07\/IMG_2137a.jpg\" width=\"500\" height=\"375\" \/><\/p>\n<p align=\"center\"><img loading=\"lazy\" decoding=\"async\" id=\"image870\" alt=\"Faceco\" src=\"https:\/\/www.montedospinheirinhos.com\/diary\/wp-content\/uploads\/2009\/07\/IMG_2148.jpg\" width=\"500\" height=\"375\" \/><\/p>\n<p align=\"center\"><img loading=\"lazy\" decoding=\"async\" id=\"image871\" alt=\"Faceco\" src=\"https:\/\/www.montedospinheirinhos.com\/diary\/wp-content\/uploads\/2009\/07\/IMG_2146.jpg\" width=\"500\" height=\"375\" \/><\/p>\n<p align=\"center\"><img loading=\"lazy\" decoding=\"async\" id=\"image869\" alt=\"Faceco\" src=\"https:\/\/www.montedospinheirinhos.com\/diary\/wp-content\/uploads\/2009\/07\/IMG_2144.jpg\" width=\"500\" height=\"375\" \/><\/p>\n","protected":false},"excerpt":{"rendered":"<p>A edi\u00e7\u00e3o de 2009 da FACECO atraiu milhares de visitantes que n\u00e3o quiseram perder o evento para tomar contacto com a realidade econ\u00f3mica e cultural do Concelho, apreciar os trabalhos dos expositores,\u00a0deleitar-se com muitos e bons petiscos e assistir aos espect\u00e1culos que se realizaram durante todo o fim-de-semana. Dedicado aos moinhos, uma das imagens de&#8230;<\/p>\n","protected":false},"author":1,"featured_media":0,"comment_status":"closed","ping_status":"open","sticky":false,"template":"","format":"standard","meta":{"_kad_post_transparent":"","_kad_post_title":"","_kad_post_layout":"","_kad_post_sidebar_id":"","_kad_post_content_style":"","_kad_post_vertical_padding":"","_kad_post_feature":"","_kad_post_feature_position":"","_kad_post_header":false,"_kad_post_footer":false,"footnotes":""},"categories":[9],"tags":[],"_links":{"self":[{"href":"https:\/\/www.montedospinheirinhos.com\/diary\/wp-json\/wp\/v2\/posts\/833"}],"collection":[{"href":"https:\/\/www.montedospinheirinhos.com\/diary\/wp-json\/wp\/v2\/posts"}],"about":[{"href":"https:\/\/www.montedospinheirinhos.com\/diary\/wp-json\/wp\/v2\/types\/post"}],"author":[{"embeddable":true,"href":"https:\/\/www.montedospinheirinhos.com\/diary\/wp-json\/wp\/v2\/users\/1"}],"replies":[{"embeddable":true,"href":"https:\/\/www.montedospinheirinhos.com\/diary\/wp-json\/wp\/v2\/comments?post=833"}],"version-history":[{"count":0,"href":"https:\/\/www.montedospinheirinhos.com\/diary\/wp-json\/wp\/v2\/posts\/833\/revisions"}],"wp:attachment":[{"href":"https:\/\/www.montedospinheirinhos.com\/diary\/wp-json\/wp\/v2\/media?parent=833"}],"wp:term":[{"taxonomy":"category","embeddable":true,"href":"https:\/\/www.montedospinheirinhos.com\/diary\/wp-json\/wp\/v2\/categories?post=833"},{"taxonomy":"post_tag","embeddable":true,"href":"https:\/\/www.montedospinheirinhos.com\/diary\/wp-json\/wp\/v2\/tags?post=833"}],"curies":[{"name":"wp","href":"https:\/\/api.w.org\/{rel}","templated":true}]}}