{"id":710,"date":"2009-03-16T19:44:25","date_gmt":"2009-03-16T19:44:25","guid":{"rendered":"http:\/\/www.montedospinheirinhos.com\/diary\/?p=710"},"modified":"2009-03-16T21:37:40","modified_gmt":"2009-03-16T21:37:40","slug":"e-o-povo-saiu-a-rua","status":"publish","type":"post","link":"https:\/\/www.montedospinheirinhos.com\/diary\/e-o-povo-saiu-a-rua\/","title":{"rendered":"E o povo saiu \u00e0 rua"},"content":{"rendered":"<p align=\"center\">A pesca l\u00fadica tem vindo a ser v\u00edtima de uma legisla\u00e7\u00e3o recente que, sob a forma das Portarias 143\/09 e 144\/09, veio infernizar a vida a todos aqueles que, como eu, gostam de passar os seus momentos de lazer \u00e0 beira-mar e a pescar.<\/p>\n<p align=\"center\"><img loading=\"lazy\" decoding=\"async\" id=\"image720\" height=\"375\" alt=\"Protesto\" src=\"https:\/\/www.montedospinheirinhos.com\/diary\/wp-content\/uploads\/2009\/03\/x1.jpg\" width=\"500\" \/><\/p>\n<p align=\"center\">Fazendo t\u00e1bua-rasa de todas as propostas e reuni\u00f5es de entendimento, tidas com v\u00e1rios representantes de autarquias e associa\u00e7\u00f5es de\u00a0comerciantes e pescadores\u00a0para\u00a0a prepara\u00e7\u00e3o das mesmas, os respons\u00e1veis governamentais puseram em vigor a partir do passado dia 5 de Fevereiro um conjunto de novas leis que s\u00e3o, cada vez mais, em certos artigos verdadeiras aberra\u00e7\u00f5es. N\u00e3o contribuindo em nada para a protec\u00e7\u00e3o de coisa alguma e pondo at\u00e9 de lado o mais importante esquecem por exemplo regras de civismo que\u00a0ajudem a p\u00f4r fim ao descuido de muitos &#8220;pescadores&#8221; que, alheios ao seu papel no mundo de hoje,\u00a0v\u00e3o deixando para tr\u00e1s muito do lixo que produzem com a sua actividade.<\/p>\n<p align=\"center\"><img loading=\"lazy\" decoding=\"async\" id=\"image711\" height=\"375\" alt=\"Protesto\" src=\"https:\/\/www.montedospinheirinhos.com\/diary\/wp-content\/uploads\/2009\/03\/IMG_0952.jpg\" width=\"500\" \/><\/p>\n<p align=\"center\">Com efeito, parece que mais importante do que estudar as verdadeiras causas do que faz perigar a exist\u00eancia de certas esp\u00e9cies desta costa, tais como o abuso de pesticidas e herbicidas e outros nutrientes qu\u00edmicos que alimentam as estufas que come\u00e7am a invadir toda\u00a0a costa do sudoeste, ou a prolifera\u00e7\u00e3o de urbaniza\u00e7\u00f5es sobre as arribas com os efluentes n\u00e3o controlados de uns e outros a correrem para o mar, o mais importante \u00e9 aplicar coimas de valor m\u00ednimo de 500 euros a um velho habitante da Zambujeira ou de outra qualquer aldeia desta regi\u00e3o que tenha o azar que um sargo se ferre no seu anzol.<\/p>\n<p align=\"center\"><img loading=\"lazy\" decoding=\"async\" id=\"image723\" height=\"375\" alt=\"Protesto\" src=\"https:\/\/www.montedospinheirinhos.com\/diary\/wp-content\/uploads\/2009\/03\/IMG_0971.jpg\" width=\"500\" \/><\/p>\n<p align=\"center\">N\u00e3o se compreende a exist\u00eancia de um defeso para a pesca ao sargo que n\u00e3o \u00e9 extens\u00edvel aos pescadores profissionais. N\u00e3o se compreende que algu\u00e9m que trabalhe por turnos e que folgue numa segunda ou ter\u00e7a ou quarta-feira, n\u00e3o possa ir pescar. N\u00e3o se compreende que os naturais do Porto, de Faro ou de Lisboa n\u00e3o possam apanhar umas lapas ou mexilh\u00f5es para iscos ou ir apanhar um quilo de percebes ou uma ou duas navalheiras para um petisco, s\u00f3 porque n\u00e3o nasceram num dos concelhos abrangidos ou a\u00ed n\u00e3o residam. Quantos veraneantes que aqui passam as suas f\u00e9rias\u00a0para poder precisamente ir \u00e0 pesca com os filhos ou amigos, e terem que esperar por quinta-feira para o poder fazer, n\u00e3o ir\u00e3o questionar a sua vinda? Quantos comerciantes n\u00e3o viram j\u00e1 reduzido o volume de vendas de iscos e material de pesca face \u00e0 quebra da procura?<\/p>\n<p align=\"center\"><img loading=\"lazy\" decoding=\"async\" id=\"image718\" height=\"375\" alt=\"Protesto\" src=\"https:\/\/www.montedospinheirinhos.com\/diary\/wp-content\/uploads\/2009\/03\/Fish.jpg\" width=\"500\" \/><\/p>\n<p align=\"center\">Em Odemira concentraram-se este fim-de-semana cerca de tr\u00eas mil pessoas que deram voz ao seu protesto contra estes e outros aspectos destas leis que n\u00e3o servem verdadeiramente o interesse dos locais. Essas mesmas leis ajudam a acabar com a cultura popular de toda esta costa onde a pesca de subsist\u00eancia se aliava \u00e0 pequena agricultura familiar e onde ao longo\u00a0destes anos homens e mulheres pescaram e preservaram os seus locais de pesca, contrapondo-se\u00a0\u00e0 pesca intensiva de traineiras e arrast\u00f5es que com as suas redes n\u00e3o fazem distin\u00e7\u00e3o entre pequeno e grande ou sargos e bodi\u00f5es.<\/p>\n<p align=\"center\"><img loading=\"lazy\" decoding=\"async\" id=\"image719\" height=\"375\" alt=\"Protesto\" src=\"https:\/\/www.montedospinheirinhos.com\/diary\/wp-content\/uploads\/2009\/03\/IMG_0964.jpg\" width=\"500\" \/><\/p>\n<p align=\"center\"><img loading=\"lazy\" decoding=\"async\" id=\"image721\" height=\"375\" alt=\"Protesto\" src=\"https:\/\/www.montedospinheirinhos.com\/diary\/wp-content\/uploads\/2009\/03\/IMG_0953.jpg\" width=\"500\" \/><\/p>\n<p align=\"center\"><img loading=\"lazy\" decoding=\"async\" id=\"image722\" height=\"375\" alt=\"Protesto\" src=\"https:\/\/www.montedospinheirinhos.com\/diary\/wp-content\/uploads\/2009\/03\/IMG_0957.jpg\" width=\"500\" \/><\/p>\n<p align=\"center\">Depois de deixarem as suas assinaturas de protesto e escutarem a voz dos representantes de muitas das associa\u00e7\u00f5es dos concelhos de Odemira, Vila do Bispo e Aljezur, os participantes abandonaram o local da sua concentra\u00e7\u00e3o junto ao cais\u00a0e percorreram as ruas da vila\u00a0fazendo ouvir\u00a0a sua indigna\u00e7\u00e3o.<\/p>\n<p align=\"center\"><img loading=\"lazy\" decoding=\"async\" id=\"image712\" height=\"375\" alt=\"Protesto\" src=\"https:\/\/www.montedospinheirinhos.com\/diary\/wp-content\/uploads\/2009\/03\/IMG_0968.jpg\" width=\"500\" \/><\/p>\n<p align=\"center\">O que incomoda verdadeiramente a todos \u00e9 a falta de conhecimento da realidade, aliada a uma certa arrog\u00e2ncia, que emanada de um qualquer gabinete ministerial desconhecido, redigida com erros grosseiros e at\u00e9\u00a0caricatos\u00a0vem, de um minuto para o outro, alterar a vida das pessoas que em princ\u00edpio s\u00f3 gostariam de poder praticar uma actividade que os ajudasse a relaxar e a esquecer os problemas s\u00e9rios do dia-a-dia e que o pr\u00f3prio mar e a natureza se encarregam de determinar em que dias se pode ou n\u00e3o pescar e que peixes se podem apanhar ou n\u00e3o.<\/p>\n<p align=\"center\"><img loading=\"lazy\" decoding=\"async\" id=\"image724\" height=\"375\" alt=\"\u00c0 pesca\" src=\"https:\/\/www.montedospinheirinhos.com\/diary\/wp-content\/uploads\/2009\/03\/IMG_0958.jpg\" width=\"500\" \/><\/p>\n","protected":false},"excerpt":{"rendered":"<p>A pesca l\u00fadica tem vindo a ser v\u00edtima de uma legisla\u00e7\u00e3o recente que, sob a forma das Portarias 143\/09 e 144\/09, veio infernizar a vida a todos aqueles que, como eu, gostam de passar os seus momentos de lazer \u00e0 beira-mar e a pescar. Fazendo t\u00e1bua-rasa de todas as propostas e reuni\u00f5es de entendimento, tidas&#8230;<\/p>\n","protected":false},"author":1,"featured_media":0,"comment_status":"closed","ping_status":"open","sticky":false,"template":"","format":"standard","meta":{"_kad_post_transparent":"","_kad_post_title":"","_kad_post_layout":"","_kad_post_sidebar_id":"","_kad_post_content_style":"","_kad_post_vertical_padding":"","_kad_post_feature":"","_kad_post_feature_position":"","_kad_post_header":false,"_kad_post_footer":false,"footnotes":""},"categories":[13],"tags":[],"_links":{"self":[{"href":"https:\/\/www.montedospinheirinhos.com\/diary\/wp-json\/wp\/v2\/posts\/710"}],"collection":[{"href":"https:\/\/www.montedospinheirinhos.com\/diary\/wp-json\/wp\/v2\/posts"}],"about":[{"href":"https:\/\/www.montedospinheirinhos.com\/diary\/wp-json\/wp\/v2\/types\/post"}],"author":[{"embeddable":true,"href":"https:\/\/www.montedospinheirinhos.com\/diary\/wp-json\/wp\/v2\/users\/1"}],"replies":[{"embeddable":true,"href":"https:\/\/www.montedospinheirinhos.com\/diary\/wp-json\/wp\/v2\/comments?post=710"}],"version-history":[{"count":0,"href":"https:\/\/www.montedospinheirinhos.com\/diary\/wp-json\/wp\/v2\/posts\/710\/revisions"}],"wp:attachment":[{"href":"https:\/\/www.montedospinheirinhos.com\/diary\/wp-json\/wp\/v2\/media?parent=710"}],"wp:term":[{"taxonomy":"category","embeddable":true,"href":"https:\/\/www.montedospinheirinhos.com\/diary\/wp-json\/wp\/v2\/categories?post=710"},{"taxonomy":"post_tag","embeddable":true,"href":"https:\/\/www.montedospinheirinhos.com\/diary\/wp-json\/wp\/v2\/tags?post=710"}],"curies":[{"name":"wp","href":"https:\/\/api.w.org\/{rel}","templated":true}]}}