{"id":648,"date":"2009-01-31T00:17:38","date_gmt":"2009-01-30T23:17:38","guid":{"rendered":"http:\/\/www.montedospinheirinhos.com\/diary\/?p=648"},"modified":"2009-01-31T09:58:47","modified_gmt":"2009-01-31T08:58:47","slug":"invernia-e-cogumelos","status":"publish","type":"post","link":"https:\/\/www.montedospinheirinhos.com\/diary\/invernia-e-cogumelos\/","title":{"rendered":"Invernia e cogumelos"},"content":{"rendered":"<p align=\"center\">Depois de certos contratempos, uns t\u00e9cnicos, outros de sa\u00fade, consegui finalmente arranjar tempo para me agarrar ao computador e voltar a partilhar algumas fotos do que de quando em vez tenho oportunidade de ver e registar.<\/p>\n<p align=\"center\"><img loading=\"lazy\" decoding=\"async\" id=\"image671\" height=\"375\" alt=\"Inverno\" src=\"https:\/\/www.montedospinheirinhos.com\/diary\/wp-content\/uploads\/2009\/01\/IMG_0485.jpg\" width=\"500\" \/><\/p>\n<p align=\"center\">Nestes dias de Inverno os meus gatos s\u00e3o a minha companhia habitual e, enquanto esperam pelo calor da lareira, juntam-se a mim no sof\u00e1 quase como analisando o que vou fazendo.<\/p>\n<p align=\"center\"><img loading=\"lazy\" decoding=\"async\" id=\"image644\" height=\"375\" alt=\"Zuca\" src=\"https:\/\/www.montedospinheirinhos.com\/diary\/wp-content\/uploads\/2009\/01\/IMG_0584.jpg\" width=\"500\" \/><\/p>\n<p align=\"center\"><img loading=\"lazy\" decoding=\"async\" id=\"image647\" height=\"375\" alt=\"Zico\" src=\"https:\/\/www.montedospinheirinhos.com\/diary\/wp-content\/uploads\/2009\/01\/IMG_0596.jpg\" width=\"500\" \/><\/p>\n<p align=\"center\">L\u00e1 fora o vento\u00a0atravessa os campos e ruge\u00a0em un\u00edssono com o som do mar, que aqui\u00a0se faz tamb\u00e9m ouvir, criando um ambiente prop\u00edcio para p\u00f4r em dia algumas mem\u00f3rias fotogr\u00e1ficas que me transportam, por momentos, para fora de portas e ao mesmo tempo para dentro destas p\u00e1ginas.<\/p>\n<p align=\"center\"><img loading=\"lazy\" decoding=\"async\" id=\"image642\" height=\"375\" alt=\"Ilha do Pessegueiro\" src=\"https:\/\/www.montedospinheirinhos.com\/diary\/wp-content\/uploads\/2009\/01\/IMG_0613.jpg\" width=\"500\" \/><\/p>\n<p align=\"center\"><img loading=\"lazy\" decoding=\"async\" id=\"image643\" height=\"375\" alt=\"O Mar\" src=\"https:\/\/www.montedospinheirinhos.com\/diary\/wp-content\/uploads\/2009\/01\/IMG_0610.jpg\" width=\"500\" \/><\/p>\n<p align=\"center\">Consigo assim ter tempo para ordenar as\u00a0v\u00e1rias imagens que vou captando, das\u00a0quais\u00a0destaco\u00a0as dos diversos\u00a0tipos de cogumelos que vou encontrando \u00e0 volta da casa ao longo do Outono e Inverno e\u00a0algumas das quais\u00a0agora aqui revelo.<\/p>\n<p align=\"center\">\u00a0<img loading=\"lazy\" decoding=\"async\" id=\"image649\" height=\"375\" alt=\"Cogumelos\" src=\"https:\/\/www.montedospinheirinhos.com\/diary\/wp-content\/uploads\/2009\/01\/IMG_0336.jpg\" width=\"500\" \/><\/p>\n<p align=\"center\">Alguns s\u00e3o por mim bem conhecidos e facilmente nome\u00e1veis,\u00a0outros n\u00e3o os consegui ainda\u00a0identificar com a certeza necess\u00e1ria para poder tamb\u00e9m compartilhar o seu nome.<\/p>\n<p align=\"center\">\u00a0<img loading=\"lazy\" decoding=\"async\" id=\"image650\" height=\"375\" alt=\"Cogumelo\" src=\"https:\/\/www.montedospinheirinhos.com\/diary\/wp-content\/uploads\/2009\/01\/IMG_0359.jpg\" width=\"500\" \/><\/p>\n<p align=\"center\"><img loading=\"lazy\" decoding=\"async\" id=\"image651\" height=\"375\" alt=\"Cogumelo\" src=\"https:\/\/www.montedospinheirinhos.com\/diary\/wp-content\/uploads\/2009\/01\/IMG_0371.jpg\" width=\"500\" \/><\/p>\n<p align=\"center\"><img loading=\"lazy\" decoding=\"async\" id=\"image652\" height=\"375\" alt=\"Cogumelo\" src=\"https:\/\/www.montedospinheirinhos.com\/diary\/wp-content\/uploads\/2009\/01\/IMG_0448.jpg\" width=\"500\" \/><\/p>\n<p align=\"center\"><img loading=\"lazy\" decoding=\"async\" id=\"image653\" height=\"375\" alt=\"Cogumelo\" src=\"https:\/\/www.montedospinheirinhos.com\/diary\/wp-content\/uploads\/2009\/01\/IMG_0464.jpg\" width=\"500\" \/><\/p>\n<p align=\"center\">V\u00e1rios\u00a0destes fungos fazem lembrar as forma\u00e7\u00f5es de corais que se podem encontrar num qualquer\u00a0ambiente marinho tropical, esquecendo-nos por breves instantes do bosque ou montado onde verdadeiramente nos encontramos.<\/p>\n<p align=\"center\"><img loading=\"lazy\" decoding=\"async\" id=\"image654\" height=\"375\" alt=\"Cogumelo\" src=\"https:\/\/www.montedospinheirinhos.com\/diary\/wp-content\/uploads\/2009\/01\/IMG_0453.jpg\" width=\"500\" \/><\/p>\n<p align=\"center\"><img loading=\"lazy\" decoding=\"async\" id=\"image655\" height=\"375\" alt=\"Cogumelo\" src=\"https:\/\/www.montedospinheirinhos.com\/diary\/wp-content\/uploads\/2009\/01\/IMG_0471.jpg\" width=\"500\" \/><\/p>\n<p align=\"center\"><img loading=\"lazy\" decoding=\"async\" id=\"image670\" height=\"375\" alt=\"Cogumelo\" src=\"https:\/\/www.montedospinheirinhos.com\/diary\/wp-content\/uploads\/2009\/01\/IMG_0606.jpg\" width=\"500\" \/><\/p>\n<p align=\"center\"><img loading=\"lazy\" decoding=\"async\" id=\"image662\" height=\"375\" alt=\"Cogumelo\" src=\"https:\/\/www.montedospinheirinhos.com\/diary\/wp-content\/uploads\/2009\/01\/IMG_0514.jpg\" width=\"500\" \/><\/p>\n<p align=\"center\"><img loading=\"lazy\" decoding=\"async\" id=\"image656\" height=\"375\" alt=\"Cogumelo\" src=\"https:\/\/www.montedospinheirinhos.com\/diary\/wp-content\/uploads\/2009\/01\/IMG_0475.jpg\" width=\"500\" \/><\/p>\n<p align=\"center\">Uns, com as suas cores garridas, chamam a aten\u00e7\u00e3o e n\u00e3o passam despercebidos enquanto que outros, camuflados no meio envolvente, quase escapam aos olhos que prescutam os ambientes diversos onde crescem.<\/p>\n<p align=\"center\"><img loading=\"lazy\" decoding=\"async\" id=\"image658\" height=\"375\" alt=\"Cogumelo\" src=\"https:\/\/www.montedospinheirinhos.com\/diary\/wp-content\/uploads\/2009\/01\/IMG_0545.jpg\" width=\"500\" \/><\/p>\n<p align=\"center\"><img loading=\"lazy\" decoding=\"async\" id=\"image661\" height=\"375\" alt=\"Cogumelo\" src=\"https:\/\/www.montedospinheirinhos.com\/diary\/wp-content\/uploads\/2009\/01\/IMG_0536.jpg\" width=\"500\" \/><\/p>\n<p align=\"center\"><img loading=\"lazy\" decoding=\"async\" id=\"image663\" height=\"375\" alt=\"Cogumelo\" src=\"https:\/\/www.montedospinheirinhos.com\/diary\/wp-content\/uploads\/2009\/01\/IMG_0442.jpg\" width=\"500\" \/><\/p>\n<p align=\"center\"><img loading=\"lazy\" decoding=\"async\" id=\"image664\" height=\"375\" alt=\"Cogumelo\" src=\"https:\/\/www.montedospinheirinhos.com\/diary\/wp-content\/uploads\/2009\/01\/IMG_0478.jpg\" width=\"500\" \/><\/p>\n<p align=\"center\"><img loading=\"lazy\" decoding=\"async\" id=\"image669\" height=\"375\" alt=\"Cogumelo\" src=\"https:\/\/www.montedospinheirinhos.com\/diary\/wp-content\/uploads\/2009\/01\/IMG_0530.jpg\" width=\"500\" \/><\/p>\n<p align=\"center\"><img loading=\"lazy\" decoding=\"async\" id=\"image665\" height=\"375\" alt=\"Cogumelo\" src=\"https:\/\/www.montedospinheirinhos.com\/diary\/wp-content\/uploads\/2009\/01\/IMG_0534.jpg\" width=\"500\" \/><\/p>\n<p align=\"center\">T\u00eam todos por\u00e9m algo em comum na sua diversidade.\u00a0Irradiam uma\u00a0invulgar beleza que,\u00a0ainda que estranha, nos cativa pelo seu ar fr\u00e1gil e ef\u00e9mero.<\/p>\n<p align=\"center\"><img loading=\"lazy\" decoding=\"async\" id=\"image666\" height=\"375\" alt=\"Cogumelo\" src=\"https:\/\/www.montedospinheirinhos.com\/diary\/wp-content\/uploads\/2009\/01\/IMG_0353.jpg\" width=\"500\" \/><\/p>\n<p align=\"center\"><img loading=\"lazy\" decoding=\"async\" id=\"image668\" height=\"375\" alt=\"Cogumelo\" src=\"https:\/\/www.montedospinheirinhos.com\/diary\/wp-content\/uploads\/2009\/01\/IMG_0509.jpg\" width=\"500\" \/><\/p>\n<p align=\"center\"><img loading=\"lazy\" decoding=\"async\" id=\"image667\" height=\"375\" alt=\"Cogumelo\" src=\"https:\/\/www.montedospinheirinhos.com\/diary\/wp-content\/uploads\/2009\/01\/IMG_0483.jpg\" width=\"500\" \/><\/p>\n<p align=\"center\"><img loading=\"lazy\" decoding=\"async\" id=\"image672\" height=\"375\" alt=\"Cogumelo\" src=\"https:\/\/www.montedospinheirinhos.com\/diary\/wp-content\/uploads\/2009\/01\/IMG_0515.jpg\" width=\"500\" \/><\/p>\n","protected":false},"excerpt":{"rendered":"<p>Depois de certos contratempos, uns t\u00e9cnicos, outros de sa\u00fade, consegui finalmente arranjar tempo para me agarrar ao computador e voltar a partilhar algumas fotos do que de quando em vez tenho oportunidade de ver e registar. Nestes dias de Inverno os meus gatos s\u00e3o a minha companhia habitual e, enquanto esperam pelo calor da lareira,&#8230;<\/p>\n","protected":false},"author":1,"featured_media":0,"comment_status":"closed","ping_status":"open","sticky":false,"template":"","format":"standard","meta":{"_kad_post_transparent":"","_kad_post_title":"","_kad_post_layout":"","_kad_post_sidebar_id":"","_kad_post_content_style":"","_kad_post_vertical_padding":"","_kad_post_feature":"","_kad_post_feature_position":"","_kad_post_header":false,"_kad_post_footer":false,"footnotes":""},"categories":[12],"tags":[],"_links":{"self":[{"href":"https:\/\/www.montedospinheirinhos.com\/diary\/wp-json\/wp\/v2\/posts\/648"}],"collection":[{"href":"https:\/\/www.montedospinheirinhos.com\/diary\/wp-json\/wp\/v2\/posts"}],"about":[{"href":"https:\/\/www.montedospinheirinhos.com\/diary\/wp-json\/wp\/v2\/types\/post"}],"author":[{"embeddable":true,"href":"https:\/\/www.montedospinheirinhos.com\/diary\/wp-json\/wp\/v2\/users\/1"}],"replies":[{"embeddable":true,"href":"https:\/\/www.montedospinheirinhos.com\/diary\/wp-json\/wp\/v2\/comments?post=648"}],"version-history":[{"count":0,"href":"https:\/\/www.montedospinheirinhos.com\/diary\/wp-json\/wp\/v2\/posts\/648\/revisions"}],"wp:attachment":[{"href":"https:\/\/www.montedospinheirinhos.com\/diary\/wp-json\/wp\/v2\/media?parent=648"}],"wp:term":[{"taxonomy":"category","embeddable":true,"href":"https:\/\/www.montedospinheirinhos.com\/diary\/wp-json\/wp\/v2\/categories?post=648"},{"taxonomy":"post_tag","embeddable":true,"href":"https:\/\/www.montedospinheirinhos.com\/diary\/wp-json\/wp\/v2\/tags?post=648"}],"curies":[{"name":"wp","href":"https:\/\/api.w.org\/{rel}","templated":true}]}}