{"id":582,"date":"2008-05-23T14:56:47","date_gmt":"2008-05-23T13:56:47","guid":{"rendered":"http:\/\/www.montedospinheirinhos.com\/diary\/?p=582"},"modified":"2008-05-23T14:56:47","modified_gmt":"2008-05-23T13:56:47","slug":"a-vida-e-bela","status":"publish","type":"post","link":"https:\/\/www.montedospinheirinhos.com\/diary\/a-vida-e-bela\/","title":{"rendered":"A vida \u00e9 bela"},"content":{"rendered":"<p align=\"center\">Aproveito estes meus dias de descanso e recupera\u00e7\u00e3o para os presentear com algumas imagens que muitas vezes podemos apreciar por este lados e que contribuem para que a vida valha a pena ser vivida.<\/p>\n<p align=\"center\"><img loading=\"lazy\" decoding=\"async\" id=\"image581\" height=\"210\" alt=\"Praia da Zambujeira\" src=\"https:\/\/www.montedospinheirinhos.com\/diary\/wp-content\/uploads\/2008\/05\/Praia%20da%20Zambujeira.jpg\" width=\"500\" \/><\/p>\n<p align=\"center\"><img loading=\"lazy\" decoding=\"async\" id=\"image580\" height=\"210\" alt=\"Entrada da Barca\" src=\"https:\/\/www.montedospinheirinhos.com\/diary\/wp-content\/uploads\/2008\/05\/Entrada%20da%20Barca.jpg\" width=\"500\" \/><\/p>\n<p align=\"center\">Muitas s\u00e3o as facetas com que esta costa se\u00a0apresenta e revela, ajudando a criar em n\u00f3s uma recorda\u00e7\u00e3o forte que perdura e que, ao longo dos bons e maus momentos ajuda-nos a superar as dificuldades do\u00a0quotidiano, frequentemente dependente destas mem\u00f3rias para que possa fazer algum sentido.<\/p>\n<p align=\"center\"><img loading=\"lazy\" decoding=\"async\" id=\"image583\" height=\"375\" alt=\"Palheir\u00e3o da Zambujeira\" src=\"https:\/\/www.montedospinheirinhos.com\/diary\/wp-content\/uploads\/2008\/05\/Palheir\u00e3o.jpg\" width=\"500\" \/><\/p>\n<p align=\"center\"><img loading=\"lazy\" decoding=\"async\" id=\"image584\" height=\"375\" alt=\"P\u00f4r-do-sol no Alentejo\" src=\"https:\/\/www.montedospinheirinhos.com\/diary\/wp-content\/uploads\/2008\/05\/P\u00f4r-do-sol%20no%20Alentejo.jpg\" width=\"500\" \/><\/p>\n<p align=\"center\">Mesmo nos dias em que, como hoje, a chuva n\u00e3o nos larga e o vento l\u00e1 fora parece n\u00e3o querer parar, o que para mim nesta fase \u00e9\u00a0at\u00e9 muito bom, dentro de casa outras sensa\u00e7\u00f5es nos percorrem ao apreciar\u00a0a calma e o bem-estar que o Monte nos oferece mesmo em dias de invernia.<\/p>\n<p align=\"center\"><img loading=\"lazy\" decoding=\"async\" id=\"image585\" height=\"375\" alt=\"No Monte\" src=\"https:\/\/www.montedospinheirinhos.com\/diary\/wp-content\/uploads\/2008\/05\/No%20Monte1.jpg\" width=\"500\" \/><\/p>\n<p align=\"center\"><img loading=\"lazy\" decoding=\"async\" id=\"image586\" height=\"375\" alt=\"No Monte\" src=\"https:\/\/www.montedospinheirinhos.com\/diary\/wp-content\/uploads\/2008\/05\/No%20Monte.jpg\" width=\"500\" \/><\/p>\n<p align=\"center\">Mas, l\u00e1 est\u00e1, mesmo assim ansiamos pelo Sol e pelo Ver\u00e3o\u00a0de modo a\u00a0que uma energia mais forte nos inunde e revigore, para nos fazer sentir mais vivos e fortes.<\/p>\n<p align=\"center\"><img loading=\"lazy\" decoding=\"async\" id=\"image587\" height=\"375\" alt=\"Carapetinho\" src=\"https:\/\/www.montedospinheirinhos.com\/diary\/wp-content\/uploads\/2008\/05\/Buga.jpg\" width=\"500\" \/><\/p>\n<p align=\"center\"><img loading=\"lazy\" decoding=\"async\" id=\"image588\" height=\"375\" alt=\"Covos\" src=\"https:\/\/www.montedospinheirinhos.com\/diary\/wp-content\/uploads\/2008\/05\/Covos.jpg\" width=\"500\" \/><\/p>\n","protected":false},"excerpt":{"rendered":"<p>Aproveito estes meus dias de descanso e recupera\u00e7\u00e3o para os presentear com algumas imagens que muitas vezes podemos apreciar por este lados e que contribuem para que a vida valha a pena ser vivida. Muitas s\u00e3o as facetas com que esta costa se\u00a0apresenta e revela, ajudando a criar em n\u00f3s uma recorda\u00e7\u00e3o forte que perdura&#8230;<\/p>\n","protected":false},"author":1,"featured_media":0,"comment_status":"closed","ping_status":"open","sticky":false,"template":"","format":"standard","meta":{"_kad_post_transparent":"","_kad_post_title":"","_kad_post_layout":"","_kad_post_sidebar_id":"","_kad_post_content_style":"","_kad_post_vertical_padding":"","_kad_post_feature":"","_kad_post_feature_position":"","_kad_post_header":false,"_kad_post_footer":false,"footnotes":""},"categories":[10],"tags":[],"_links":{"self":[{"href":"https:\/\/www.montedospinheirinhos.com\/diary\/wp-json\/wp\/v2\/posts\/582"}],"collection":[{"href":"https:\/\/www.montedospinheirinhos.com\/diary\/wp-json\/wp\/v2\/posts"}],"about":[{"href":"https:\/\/www.montedospinheirinhos.com\/diary\/wp-json\/wp\/v2\/types\/post"}],"author":[{"embeddable":true,"href":"https:\/\/www.montedospinheirinhos.com\/diary\/wp-json\/wp\/v2\/users\/1"}],"replies":[{"embeddable":true,"href":"https:\/\/www.montedospinheirinhos.com\/diary\/wp-json\/wp\/v2\/comments?post=582"}],"version-history":[{"count":0,"href":"https:\/\/www.montedospinheirinhos.com\/diary\/wp-json\/wp\/v2\/posts\/582\/revisions"}],"wp:attachment":[{"href":"https:\/\/www.montedospinheirinhos.com\/diary\/wp-json\/wp\/v2\/media?parent=582"}],"wp:term":[{"taxonomy":"category","embeddable":true,"href":"https:\/\/www.montedospinheirinhos.com\/diary\/wp-json\/wp\/v2\/categories?post=582"},{"taxonomy":"post_tag","embeddable":true,"href":"https:\/\/www.montedospinheirinhos.com\/diary\/wp-json\/wp\/v2\/tags?post=582"}],"curies":[{"name":"wp","href":"https:\/\/api.w.org\/{rel}","templated":true}]}}