{"id":578,"date":"2008-05-23T13:40:59","date_gmt":"2008-05-23T12:40:59","guid":{"rendered":"http:\/\/www.montedospinheirinhos.com\/diary\/?p=578"},"modified":"2008-05-23T13:48:35","modified_gmt":"2008-05-23T12:48:35","slug":"obrigado","status":"publish","type":"post","link":"https:\/\/www.montedospinheirinhos.com\/diary\/obrigado\/","title":{"rendered":"Obrigado"},"content":{"rendered":"<p align=\"center\">Andava um pouco\u00a0em baixo e afinal o corpo tinha raz\u00e3o. De um dia para o outro algo mudou para pior e vi-me a ser operado de urg\u00eancia no Hospital de Beja depois de passar pelo centro de sa\u00fade de Odemira onde me foram prestados os cuidados b\u00e1sicos e me reencaminharam atrav\u00e9s de ambul\u00e2ncia do INEM para o hospital. Tive sorte\u00a0e sobrevivi, primeiro \u00e0 viagem\u00a0de quase hora e meia at\u00e9 Beja, depois \u00e0 interven\u00e7\u00e3o cir\u00fargica e ao internamento. Destaco o profissionalismo de toda a equipa m\u00e9dica que, n\u00e3o s\u00f3 me salvou a vida, mas tamb\u00e9m,\u00a0logo que foi poss\u00edvel, me explicaram a gravidade do que tinha acontecido e porque me operaram, de toda a equipa de enfermagem que me assistiu\u00a0a mim e a todos os meus companheiros de enfermaria, com grande brio e dedica\u00e7\u00e3o, e a todo o pessoal t\u00e9cnico-auxiliar que pacientemente cuidou da nossa limpeza e bem estar. \u00a0A todos agrade\u00e7o sinceramente.<\/p>\n<p align=\"center\"><img loading=\"lazy\" decoding=\"async\" id=\"image579\" height=\"375\" alt=\"Tulipas\" src=\"https:\/\/www.montedospinheirinhos.com\/diary\/wp-content\/uploads\/2008\/05\/Tulipas.jpg\" width=\"500\" \/><\/p>\n<p align=\"center\">Aqui do Monte, com um <em>Muito Obrigado,<\/em> lhes mando este ramo de tulipas de modo a que os possa ajudar a colorir um dia-a-dia em que t\u00eam de lidar com o sofrimento\u00a0de muitos e onde a luz, muitas vezes, parece querer desaparecer.<\/p>\n","protected":false},"excerpt":{"rendered":"<p>Andava um pouco\u00a0em baixo e afinal o corpo tinha raz\u00e3o. De um dia para o outro algo mudou para pior e vi-me a ser operado de urg\u00eancia no Hospital de Beja depois de passar pelo centro de sa\u00fade de Odemira onde me foram prestados os cuidados b\u00e1sicos e me reencaminharam atrav\u00e9s de ambul\u00e2ncia do INEM&#8230;<\/p>\n","protected":false},"author":1,"featured_media":0,"comment_status":"closed","ping_status":"open","sticky":false,"template":"","format":"standard","meta":{"_kad_post_transparent":"","_kad_post_title":"","_kad_post_layout":"","_kad_post_sidebar_id":"","_kad_post_content_style":"","_kad_post_vertical_padding":"","_kad_post_feature":"","_kad_post_feature_position":"","_kad_post_header":false,"_kad_post_footer":false,"footnotes":""},"categories":[13],"tags":[],"_links":{"self":[{"href":"https:\/\/www.montedospinheirinhos.com\/diary\/wp-json\/wp\/v2\/posts\/578"}],"collection":[{"href":"https:\/\/www.montedospinheirinhos.com\/diary\/wp-json\/wp\/v2\/posts"}],"about":[{"href":"https:\/\/www.montedospinheirinhos.com\/diary\/wp-json\/wp\/v2\/types\/post"}],"author":[{"embeddable":true,"href":"https:\/\/www.montedospinheirinhos.com\/diary\/wp-json\/wp\/v2\/users\/1"}],"replies":[{"embeddable":true,"href":"https:\/\/www.montedospinheirinhos.com\/diary\/wp-json\/wp\/v2\/comments?post=578"}],"version-history":[{"count":0,"href":"https:\/\/www.montedospinheirinhos.com\/diary\/wp-json\/wp\/v2\/posts\/578\/revisions"}],"wp:attachment":[{"href":"https:\/\/www.montedospinheirinhos.com\/diary\/wp-json\/wp\/v2\/media?parent=578"}],"wp:term":[{"taxonomy":"category","embeddable":true,"href":"https:\/\/www.montedospinheirinhos.com\/diary\/wp-json\/wp\/v2\/categories?post=578"},{"taxonomy":"post_tag","embeddable":true,"href":"https:\/\/www.montedospinheirinhos.com\/diary\/wp-json\/wp\/v2\/tags?post=578"}],"curies":[{"name":"wp","href":"https:\/\/api.w.org\/{rel}","templated":true}]}}