{"id":526,"date":"2007-11-16T10:17:45","date_gmt":"2007-11-16T09:17:45","guid":{"rendered":"http:\/\/www.montedospinheirinhos.com\/diary\/?p=526"},"modified":"2007-11-16T10:53:37","modified_gmt":"2007-11-16T09:53:37","slug":"dia-do-mar-e-da-alimentacao","status":"publish","type":"post","link":"https:\/\/www.montedospinheirinhos.com\/diary\/dia-do-mar-e-da-alimentacao\/","title":{"rendered":"Dia do Mar e da Alimenta\u00e7\u00e3o"},"content":{"rendered":"<p align=\"center\">Comemora-se hoje o dia do Mar e da Alimenta\u00e7\u00e3o.<\/p>\n<p align=\"center\"><img loading=\"lazy\" decoding=\"async\" id=\"image525\" height=\"150\" alt=\"O mar\" src=\"https:\/\/www.montedospinheirinhos.com\/diary\/wp-content\/uploads\/2007\/11\/Cavaleiro%20Pan.jpg\" width=\"500\" \/><\/p>\n<p align=\"center\">O mar sempre exerceu um fasc\u00ednio tremendo sobre os homens e n\u00e3o s\u00f3 constitui\u00a0um dos\u00a0elementos primordiais da constru\u00e7\u00e3o deste nosso planeta como \u00e9 ele tamb\u00e9m que nos\u00a0tem dado\u00a0muito e bom sustento ao longo dos \u00faltimos milhares de anos.<\/p>\n<p align=\"center\"><img loading=\"lazy\" decoding=\"async\" id=\"image527\" height=\"375\" alt=\"O mar\" src=\"https:\/\/www.montedospinheirinhos.com\/diary\/wp-content\/uploads\/2007\/11\/O%20mar.jpg\" width=\"500\" \/><\/p>\n<p align=\"center\">Na actualidade, fruto de muita gan\u00e2ncia e cegueira, muitas das esp\u00e9cies que o povoavam est\u00e3o a desaparecer e, cada vez mais,\u00a0torna-se urgente que nos proponhamos\u00a0 a gerir essas riquezas de uma forma esclarecida e racional.\u00a0<\/p>\n<p align=\"center\"><img loading=\"lazy\" decoding=\"async\" id=\"image524\" height=\"375\" alt=\"Entrada da Barca\" src=\"https:\/\/www.montedospinheirinhos.com\/diary\/wp-content\/uploads\/2007\/11\/IMG_6769.jpg\" width=\"500\" \/><\/p>\n<p align=\"center\">A polui\u00e7\u00e3o e contamina\u00e7\u00e3o das suas \u00e1guas, aliadas a uma pesca excessiva com meios cada vez maiores e desproporcionados, tem consequ\u00eancias nefastas para as gera\u00e7\u00f5es que nos seguir\u00e3o, privando-as n\u00e3o s\u00f3 do alimento mas tamb\u00e9m da beleza \u00fanica que cada esp\u00e9cie nos transmite e que, provavelmente, n\u00e3o poder\u00e3o observar nem saborear num futuro muito pr\u00f3ximo.<\/p>\n<p align=\"center\"><img loading=\"lazy\" decoding=\"async\" id=\"image528\" height=\"375\" alt=\"Douradas e Linguados\" src=\"https:\/\/www.montedospinheirinhos.com\/diary\/wp-content\/uploads\/2007\/11\/IMG_6764.jpg\" width=\"500\" \/><\/p>\n<p align=\"center\"><img loading=\"lazy\" decoding=\"async\" id=\"image529\" height=\"375\" alt=\"Robalo e Douradas\" src=\"https:\/\/www.montedospinheirinhos.com\/diary\/wp-content\/uploads\/2007\/11\/IMG_6766.jpg\" width=\"500\" \/><\/p>\n<p align=\"center\"><img loading=\"lazy\" decoding=\"async\" id=\"image530\" height=\"375\" alt=\"Santolas\" src=\"https:\/\/www.montedospinheirinhos.com\/diary\/wp-content\/uploads\/2007\/11\/IMG_6767.jpg\" width=\"500\" \/><\/p>\n<p align=\"center\"><img loading=\"lazy\" decoding=\"async\" id=\"image531\" height=\"375\" alt=\"Salmonete, Linguado, Safias e Sargos\" src=\"https:\/\/www.montedospinheirinhos.com\/diary\/wp-content\/uploads\/2007\/11\/IMG_6768.jpg\" width=\"500\" \/><\/p>\n","protected":false},"excerpt":{"rendered":"<p>Comemora-se hoje o dia do Mar e da Alimenta\u00e7\u00e3o. O mar sempre exerceu um fasc\u00ednio tremendo sobre os homens e n\u00e3o s\u00f3 constitui\u00a0um dos\u00a0elementos primordiais da constru\u00e7\u00e3o deste nosso planeta como \u00e9 ele tamb\u00e9m que nos\u00a0tem dado\u00a0muito e bom sustento ao longo dos \u00faltimos milhares de anos. Na actualidade, fruto de muita gan\u00e2ncia e cegueira,&#8230;<\/p>\n","protected":false},"author":1,"featured_media":0,"comment_status":"closed","ping_status":"open","sticky":false,"template":"","format":"standard","meta":{"_kad_post_transparent":"","_kad_post_title":"","_kad_post_layout":"","_kad_post_sidebar_id":"","_kad_post_content_style":"","_kad_post_vertical_padding":"","_kad_post_feature":"","_kad_post_feature_position":"","_kad_post_header":false,"_kad_post_footer":false,"footnotes":""},"categories":[12],"tags":[],"_links":{"self":[{"href":"https:\/\/www.montedospinheirinhos.com\/diary\/wp-json\/wp\/v2\/posts\/526"}],"collection":[{"href":"https:\/\/www.montedospinheirinhos.com\/diary\/wp-json\/wp\/v2\/posts"}],"about":[{"href":"https:\/\/www.montedospinheirinhos.com\/diary\/wp-json\/wp\/v2\/types\/post"}],"author":[{"embeddable":true,"href":"https:\/\/www.montedospinheirinhos.com\/diary\/wp-json\/wp\/v2\/users\/1"}],"replies":[{"embeddable":true,"href":"https:\/\/www.montedospinheirinhos.com\/diary\/wp-json\/wp\/v2\/comments?post=526"}],"version-history":[{"count":0,"href":"https:\/\/www.montedospinheirinhos.com\/diary\/wp-json\/wp\/v2\/posts\/526\/revisions"}],"wp:attachment":[{"href":"https:\/\/www.montedospinheirinhos.com\/diary\/wp-json\/wp\/v2\/media?parent=526"}],"wp:term":[{"taxonomy":"category","embeddable":true,"href":"https:\/\/www.montedospinheirinhos.com\/diary\/wp-json\/wp\/v2\/categories?post=526"},{"taxonomy":"post_tag","embeddable":true,"href":"https:\/\/www.montedospinheirinhos.com\/diary\/wp-json\/wp\/v2\/tags?post=526"}],"curies":[{"name":"wp","href":"https:\/\/api.w.org\/{rel}","templated":true}]}}