{"id":516,"date":"2007-11-14T22:37:14","date_gmt":"2007-11-14T21:37:14","guid":{"rendered":"http:\/\/www.montedospinheirinhos.com\/diary\/?p=516"},"modified":"2007-11-14T22:59:38","modified_gmt":"2007-11-14T21:59:38","slug":"verao-de-s-martinho","status":"publish","type":"post","link":"https:\/\/www.montedospinheirinhos.com\/diary\/verao-de-s-martinho\/","title":{"rendered":"Ver\u00e3o de S. Martinho"},"content":{"rendered":"<p align=\"center\">O ver\u00e3o veio tarde e para ficar. Continua um tempo seco com temperaturas\u00a0quentes durante o dia\u00a0e que j\u00e1 nos faz sentir saudades da chuva. Todos os dias procuro nas previs\u00f5es meteorol\u00f3gicas sinais de que o tempo venha a mudar e, finalmente, parece que para a pr\u00f3xima semana a chuva vai aparecer.<\/p>\n<p align=\"center\"><img loading=\"lazy\" decoding=\"async\" id=\"image515\" height=\"375\" alt=\"Praia de N.Senhora\" src=\"https:\/\/www.montedospinheirinhos.com\/diary\/wp-content\/uploads\/2007\/11\/N.Senhora.jpg\" width=\"500\" \/><\/p>\n<p align=\"center\">Aproveitei\u00a0assim\u00a0este tempo\u00a0com sol para dar uma volta pelas redondezas e passear os c\u00e3es junto \u00e0 costa,\u00a0deixando-os brincar um pouco na praia pois no Ver\u00e3o, devido aos veraneantes e por quest\u00f5es de higiene, \u00e9 de evitar.<\/p>\n<p align=\"center\"><img loading=\"lazy\" decoding=\"async\" id=\"image517\" height=\"375\" alt=\"Big e Maria\" src=\"https:\/\/www.montedospinheirinhos.com\/diary\/wp-content\/uploads\/2007\/11\/Maria%20e%20Big.jpg\" width=\"500\" \/><\/p>\n<p align=\"center\">A <em>Maria<\/em> andou doida a correr atr\u00e1s dos p\u00e1ssaros e das sombras que projectavam no areal\u00a0enquanto o <em>Big<\/em>, como \u00e9 costume, farejou um pouco\u00a0por todo o lado enquanto se dava conta que a \u00e1gua do mar \u00e9 salgada.<\/p>\n<p align=\"center\"><img loading=\"lazy\" decoding=\"async\" id=\"image519\" height=\"375\" alt=\"Maria\" src=\"https:\/\/www.montedospinheirinhos.com\/diary\/wp-content\/uploads\/2007\/11\/Maria.jpg\" width=\"500\" \/><\/p>\n<p align=\"center\"><img loading=\"lazy\" decoding=\"async\" id=\"image520\" height=\"375\" alt=\"Big\" src=\"https:\/\/www.montedospinheirinhos.com\/diary\/wp-content\/uploads\/2007\/11\/Big.jpg\" width=\"500\" \/><\/p>\n<p align=\"center\"><img loading=\"lazy\" decoding=\"async\" id=\"image518\" height=\"375\" alt=\"Big e Maria\" src=\"https:\/\/www.montedospinheirinhos.com\/diary\/wp-content\/uploads\/2007\/11\/Big%20e%20Maria.jpg\" width=\"500\" \/><\/p>\n<p align=\"center\">A alegria dos dois amigos em poderem brincar\u00a0\u00e0 vontade foi digna de se ver e quando regressaram ao Monte foram de bom grado dormir um\u00a0bocado de t\u00e3o mo\u00eddos que estavam.<\/p>\n<p align=\"center\"><img loading=\"lazy\" decoding=\"async\" id=\"image521\" height=\"375\" alt=\"Monte\" src=\"https:\/\/www.montedospinheirinhos.com\/diary\/wp-content\/uploads\/2007\/11\/Monte2.jpg\" width=\"500\" \/><\/p>\n<p align=\"center\">Quer na praia quer no campo, a luz deste Ver\u00e3o tardio\u00a0transforma a percep\u00e7\u00e3o que habitualmente temos destes locais e ficamos surpreendidos com todos os\u00a0cambiantes que podemos contemplar.<\/p>\n<p align=\"center\"><img loading=\"lazy\" decoding=\"async\" id=\"image522\" height=\"375\" alt=\"Monte\" src=\"https:\/\/www.montedospinheirinhos.com\/diary\/wp-content\/uploads\/2007\/11\/Monte1.jpg\" width=\"500\" \/><\/p>\n<p align=\"center\"><img loading=\"lazy\" decoding=\"async\" id=\"image523\" height=\"375\" alt=\"Monte\" src=\"https:\/\/www.montedospinheirinhos.com\/diary\/wp-content\/uploads\/2007\/11\/Monte.jpg\" width=\"500\" \/><\/p>\n","protected":false},"excerpt":{"rendered":"<p>O ver\u00e3o veio tarde e para ficar. Continua um tempo seco com temperaturas\u00a0quentes durante o dia\u00a0e que j\u00e1 nos faz sentir saudades da chuva. Todos os dias procuro nas previs\u00f5es meteorol\u00f3gicas sinais de que o tempo venha a mudar e, finalmente, parece que para a pr\u00f3xima semana a chuva vai aparecer. Aproveitei\u00a0assim\u00a0este tempo\u00a0com sol para&#8230;<\/p>\n","protected":false},"author":1,"featured_media":0,"comment_status":"closed","ping_status":"open","sticky":false,"template":"","format":"standard","meta":{"_kad_post_transparent":"","_kad_post_title":"","_kad_post_layout":"","_kad_post_sidebar_id":"","_kad_post_content_style":"","_kad_post_vertical_padding":"","_kad_post_feature":"","_kad_post_feature_position":"","_kad_post_header":false,"_kad_post_footer":false,"footnotes":""},"categories":[3],"tags":[],"_links":{"self":[{"href":"https:\/\/www.montedospinheirinhos.com\/diary\/wp-json\/wp\/v2\/posts\/516"}],"collection":[{"href":"https:\/\/www.montedospinheirinhos.com\/diary\/wp-json\/wp\/v2\/posts"}],"about":[{"href":"https:\/\/www.montedospinheirinhos.com\/diary\/wp-json\/wp\/v2\/types\/post"}],"author":[{"embeddable":true,"href":"https:\/\/www.montedospinheirinhos.com\/diary\/wp-json\/wp\/v2\/users\/1"}],"replies":[{"embeddable":true,"href":"https:\/\/www.montedospinheirinhos.com\/diary\/wp-json\/wp\/v2\/comments?post=516"}],"version-history":[{"count":0,"href":"https:\/\/www.montedospinheirinhos.com\/diary\/wp-json\/wp\/v2\/posts\/516\/revisions"}],"wp:attachment":[{"href":"https:\/\/www.montedospinheirinhos.com\/diary\/wp-json\/wp\/v2\/media?parent=516"}],"wp:term":[{"taxonomy":"category","embeddable":true,"href":"https:\/\/www.montedospinheirinhos.com\/diary\/wp-json\/wp\/v2\/categories?post=516"},{"taxonomy":"post_tag","embeddable":true,"href":"https:\/\/www.montedospinheirinhos.com\/diary\/wp-json\/wp\/v2\/tags?post=516"}],"curies":[{"name":"wp","href":"https:\/\/api.w.org\/{rel}","templated":true}]}}