{"id":514,"date":"2007-10-27T22:21:18","date_gmt":"2007-10-27T21:21:18","guid":{"rendered":"http:\/\/www.montedospinheirinhos.com\/diary\/?p=514"},"modified":"2007-11-14T22:50:09","modified_gmt":"2007-11-14T21:50:09","slug":"estoria-de-javalis","status":"publish","type":"post","link":"https:\/\/www.montedospinheirinhos.com\/diary\/estoria-de-javalis\/","title":{"rendered":"Est\u00f3ria de javalis"},"content":{"rendered":"<p align=\"center\">Aqui h\u00e1 uns anos um ca\u00e7ador meu conhecido contou-me que\u00a0recolheu um javali ainda b\u00e1coro, cuja progenitora tinha sido abatida durante a ca\u00e7ada. Colocou-o na quinta que possuia e bem tratado e alimentado cresceu at\u00e9 se tornar um belo macho.<\/p>\n<p align=\"center\"><img loading=\"lazy\" decoding=\"async\" id=\"image512\" height=\"375\" alt=\"Javali\" src=\"https:\/\/www.montedospinheirinhos.com\/diary\/wp-content\/uploads\/2007\/10\/Javali1.jpg\" width=\"500\" \/><\/p>\n<p align=\"center\">Gostava particularmente de ser co\u00e7ado com um barrote de madeira de cada vez que o seu tratador lhe trazia a comida e brincava com ele durante um pouco. Mas o tempo foi passando e um dia esse meu conhecido resolveu\u00a0colocar o javali numa herdade onde havia umas porcas que seriam de certeza uma excelente companhia e fonte de prazer para\u00a0aquele formid\u00e1vel animal. E tudo correu bem durante tr\u00eas dias. Ao quarto o javali apareceu morto. O cora\u00e7\u00e3o n\u00e3o aguentou tanta liberdade e prazer.<\/p>\n<p align=\"center\"><img loading=\"lazy\" decoding=\"async\" id=\"image513\" height=\"375\" alt=\"Javali\" src=\"https:\/\/www.montedospinheirinhos.com\/diary\/wp-content\/uploads\/2007\/10\/Javali.jpg\" width=\"500\" \/><\/p>\n<p align=\"center\">Desde os fogos de h\u00e1\u00a0quatro anos, que assolaram a serra at\u00e9 Monchique,\u00a0muitos destes animais mudaram-se para terrenos mais baixos e cultivados, junto \u00e0 costa,\u00a0\u00e0 procura de\u00a0comida. Por este lados rara \u00e9 a semana em que n\u00e3o damos de caras com um destes belos animais e ainda bem, pois \u00e9 sinal de que por enquanto todos podemos coabitar com um ser magn\u00edfico que talvez daqui a uns anos n\u00e3o mais seja poss\u00edvel de avistar no seu estado selvagem.<\/p>\n","protected":false},"excerpt":{"rendered":"<p>Aqui h\u00e1 uns anos um ca\u00e7ador meu conhecido contou-me que\u00a0recolheu um javali ainda b\u00e1coro, cuja progenitora tinha sido abatida durante a ca\u00e7ada. Colocou-o na quinta que possuia e bem tratado e alimentado cresceu at\u00e9 se tornar um belo macho. Gostava particularmente de ser co\u00e7ado com um barrote de madeira de cada vez que o seu&#8230;<\/p>\n","protected":false},"author":1,"featured_media":0,"comment_status":"closed","ping_status":"open","sticky":false,"template":"","format":"standard","meta":{"_kad_post_transparent":"","_kad_post_title":"","_kad_post_layout":"","_kad_post_sidebar_id":"","_kad_post_content_style":"","_kad_post_vertical_padding":"","_kad_post_feature":"","_kad_post_feature_position":"","_kad_post_header":false,"_kad_post_footer":false,"footnotes":""},"categories":[6],"tags":[],"_links":{"self":[{"href":"https:\/\/www.montedospinheirinhos.com\/diary\/wp-json\/wp\/v2\/posts\/514"}],"collection":[{"href":"https:\/\/www.montedospinheirinhos.com\/diary\/wp-json\/wp\/v2\/posts"}],"about":[{"href":"https:\/\/www.montedospinheirinhos.com\/diary\/wp-json\/wp\/v2\/types\/post"}],"author":[{"embeddable":true,"href":"https:\/\/www.montedospinheirinhos.com\/diary\/wp-json\/wp\/v2\/users\/1"}],"replies":[{"embeddable":true,"href":"https:\/\/www.montedospinheirinhos.com\/diary\/wp-json\/wp\/v2\/comments?post=514"}],"version-history":[{"count":0,"href":"https:\/\/www.montedospinheirinhos.com\/diary\/wp-json\/wp\/v2\/posts\/514\/revisions"}],"wp:attachment":[{"href":"https:\/\/www.montedospinheirinhos.com\/diary\/wp-json\/wp\/v2\/media?parent=514"}],"wp:term":[{"taxonomy":"category","embeddable":true,"href":"https:\/\/www.montedospinheirinhos.com\/diary\/wp-json\/wp\/v2\/categories?post=514"},{"taxonomy":"post_tag","embeddable":true,"href":"https:\/\/www.montedospinheirinhos.com\/diary\/wp-json\/wp\/v2\/tags?post=514"}],"curies":[{"name":"wp","href":"https:\/\/api.w.org\/{rel}","templated":true}]}}