{"id":486,"date":"2007-03-21T19:28:24","date_gmt":"2007-03-21T18:28:24","guid":{"rendered":"http:\/\/www.montedospinheirinhos.com\/diary\/?p=486"},"modified":"2007-03-21T19:28:24","modified_gmt":"2007-03-21T18:28:24","slug":"primavera-2","status":"publish","type":"post","link":"https:\/\/www.montedospinheirinhos.com\/diary\/primavera-2\/","title":{"rendered":"Primavera"},"content":{"rendered":"<p align=\"center\">N\u00e3o ser\u00e1 por acaso que as celebra\u00e7\u00f5es do Dia Mundial da Poesia e do\u00a0Dia da \u00c0rvore, ou Floresta,\u00a0coincidem com a chegada da Primavera.<\/p>\n<p align=\"center\"><img loading=\"lazy\" decoding=\"async\" id=\"image482\" height=\"375\" alt=\"Primavera\" src=\"https:\/\/www.montedospinheirinhos.com\/diary\/wp-content\/uploads\/2007\/03\/Primavera.jpg\" width=\"500\" \/><\/p>\n<p align=\"center\">A poesia e a floresta\u00a0encontram naturalmente nesta data a simbologia perfeita para se instalarem na mem\u00f3ria colectiva e poderem ser ciclicamente festejadas e compreendidas. Eu associo-me a tal celebra\u00e7\u00e3o com umas fotografias de flores valorizadas com um poema que penso ser adequado.<\/p>\n<p align=\"center\"><img loading=\"lazy\" decoding=\"async\" id=\"image483\" height=\"375\" alt=\"Primavera\" src=\"https:\/\/www.montedospinheirinhos.com\/diary\/wp-content\/uploads\/2007\/03\/Primavera1.jpg\" width=\"500\" \/><\/p>\n<p align=\"center\"><em>&#8220;O meu amor sozinho,<br \/>\n\u00c9 assim como um jardim sem flor,<br \/>\nS\u00f3 queria poder ir dizer a ela,<br \/>\nComo \u00e9 triste se sentir saudade.&#8221;<\/em><\/p>\n<p><em><em \/><\/em><em><em><\/p>\n<div style=\"text-align: center\"><img loading=\"lazy\" decoding=\"async\" id=\"image484\" height=\"375\" alt=\"Primavera\" src=\"https:\/\/www.montedospinheirinhos.com\/diary\/wp-content\/uploads\/2007\/03\/Primavera4.jpg\" width=\"500\" \/><\/div>\n<p><\/em><em><em \/><\/em><\/em><em><em><\/p>\n<p align=\"center\">&#8220;\u00c9 que eu gosto tanto dela,<br \/>\nQue \u00e9 capaz dela gostar de mim,<br \/>\nAcontece que eu estou mais longe dela,<br \/>\nDo que a estrela a reluzir na tarde.&#8221;<\/p>\n<p \/><\/em><\/p>\n<p align=\"center\"><img loading=\"lazy\" decoding=\"async\" id=\"image485\" height=\"375\" alt=\"Primavera\" src=\"https:\/\/www.montedospinheirinhos.com\/diary\/wp-content\/uploads\/2007\/03\/Primavera7.jpg\" width=\"500\" \/><\/p>\n<p align=\"center\"><em>&#8220;Estrela, eu lhe diria,<br \/>\nDesce \u00e0 terra, o amor existe,<br \/>\nE a poesia s\u00f3 espera ver nascer a primavera,<br \/>\npara n\u00e3o morrer,<br \/>\nN\u00e3o h\u00e1 amor sozinho,<br \/>\n\u00c9 juntinho que ele fica bom,<br \/>\nEu queria dar-lhe todo o meu carinho,<br \/>\nEu queria ter felicidade.&#8221;<\/em><\/p>\n<p align=\"center\"><em><img loading=\"lazy\" decoding=\"async\" id=\"image487\" height=\"375\" alt=\"Primavera\" src=\"https:\/\/www.montedospinheirinhos.com\/diary\/wp-content\/uploads\/2007\/03\/Primavera5.jpg\" width=\"500\" \/><\/em><\/p>\n<p align=\"center\"><em>&#8220;\u00c9 que o meu amor \u00e9 tanto,<br \/>\nUm encanto que n\u00e3o tem mais fim,<br \/>\nNo entanto ela n\u00e3o sabe que isso existe,<br \/>\n\u00c9 t\u00e3o triste se sentir saudade.&#8221;<\/em><\/p>\n<p align=\"center\"><em><img loading=\"lazy\" decoding=\"async\" id=\"image488\" height=\"375\" alt=\"Primavera\" src=\"https:\/\/www.montedospinheirinhos.com\/diary\/wp-content\/uploads\/2007\/03\/Primavera9.jpg\" width=\"500\" \/><\/em><\/p>\n<p align=\"center\"><em>&#8220;Amor,eu lhe direi,<br \/>\nAmor que eu tanto procurei,<br \/>\nAh! quem me dera eu pudesse ser,<br \/>\nA tua primavera e depois morrer.&#8221;<\/em><\/p>\n<p align=\"center\"><em><img loading=\"lazy\" decoding=\"async\" id=\"image489\" height=\"375\" alt=\"Primavera\" src=\"https:\/\/www.montedospinheirinhos.com\/diary\/wp-content\/uploads\/2007\/03\/Primavera6.jpg\" width=\"500\" \/><\/em><\/p>\n<p align=\"center\"><em>A Primavera &#8211;<\/em> <strong>Vin\u00edcius de Moraes<\/strong><\/p>\n<p><\/em><\/p>\n","protected":false},"excerpt":{"rendered":"<p>N\u00e3o ser\u00e1 por acaso que as celebra\u00e7\u00f5es do Dia Mundial da Poesia e do\u00a0Dia da \u00c0rvore, ou Floresta,\u00a0coincidem com a chegada da Primavera. A poesia e a floresta\u00a0encontram naturalmente nesta data a simbologia perfeita para se instalarem na mem\u00f3ria colectiva e poderem ser ciclicamente festejadas e compreendidas. Eu associo-me a tal celebra\u00e7\u00e3o com umas fotografias&#8230;<\/p>\n","protected":false},"author":1,"featured_media":0,"comment_status":"open","ping_status":"open","sticky":false,"template":"","format":"standard","meta":{"_kad_post_transparent":"","_kad_post_title":"","_kad_post_layout":"","_kad_post_sidebar_id":"","_kad_post_content_style":"","_kad_post_vertical_padding":"","_kad_post_feature":"","_kad_post_feature_position":"","_kad_post_header":false,"_kad_post_footer":false,"footnotes":""},"categories":[9],"tags":[],"_links":{"self":[{"href":"https:\/\/www.montedospinheirinhos.com\/diary\/wp-json\/wp\/v2\/posts\/486"}],"collection":[{"href":"https:\/\/www.montedospinheirinhos.com\/diary\/wp-json\/wp\/v2\/posts"}],"about":[{"href":"https:\/\/www.montedospinheirinhos.com\/diary\/wp-json\/wp\/v2\/types\/post"}],"author":[{"embeddable":true,"href":"https:\/\/www.montedospinheirinhos.com\/diary\/wp-json\/wp\/v2\/users\/1"}],"replies":[{"embeddable":true,"href":"https:\/\/www.montedospinheirinhos.com\/diary\/wp-json\/wp\/v2\/comments?post=486"}],"version-history":[{"count":0,"href":"https:\/\/www.montedospinheirinhos.com\/diary\/wp-json\/wp\/v2\/posts\/486\/revisions"}],"wp:attachment":[{"href":"https:\/\/www.montedospinheirinhos.com\/diary\/wp-json\/wp\/v2\/media?parent=486"}],"wp:term":[{"taxonomy":"category","embeddable":true,"href":"https:\/\/www.montedospinheirinhos.com\/diary\/wp-json\/wp\/v2\/categories?post=486"},{"taxonomy":"post_tag","embeddable":true,"href":"https:\/\/www.montedospinheirinhos.com\/diary\/wp-json\/wp\/v2\/tags?post=486"}],"curies":[{"name":"wp","href":"https:\/\/api.w.org\/{rel}","templated":true}]}}