{"id":335,"date":"2006-09-23T21:21:58","date_gmt":"2006-09-23T20:21:58","guid":{"rendered":"http:\/\/www.montedospinheirinhos.com\/diary\/?p=335"},"modified":"2006-09-23T21:21:58","modified_gmt":"2006-09-23T20:21:58","slug":"perolas-do-sudoeste","status":"publish","type":"post","link":"https:\/\/www.montedospinheirinhos.com\/diary\/perolas-do-sudoeste\/","title":{"rendered":"P\u00e9rolas do Sudoeste"},"content":{"rendered":"<p align=\"center\">Ap\u00f3s estas primeiras chuvas de fim de Ver\u00e3o e princ\u00edpio de Outono, que hoje come\u00e7a, s\u00e3o devolvidos \u00e0 terra cheiros e cores que\u00a0criam\u00a0dias magn\u00edficos, e que emanam uma sensa\u00e7\u00e3o de paz e plenitude que se reflectem no nosso interior.<\/p>\n<p align=\"center\"><img loading=\"lazy\" decoding=\"async\" id=\"image333\" height=\"375\" alt=\"Sudoeste\" src=\"https:\/\/www.montedospinheirinhos.com\/diary\/wp-content\/uploads\/2006\/09\/Sudoeste.jpg\" width=\"500\" \/><\/p>\n<p align=\"center\">S\u00e3o dias em que podemos percorrer\u00a0o Sudoeste e redescobrir locais que nos s\u00e3o t\u00e3o familiares e, mesmo assim, n\u00e3o param de nos surpreender.<\/p>\n<p align=\"center\"><img loading=\"lazy\" decoding=\"async\" id=\"image334\" height=\"375\" alt=\"Sudoeste\" src=\"https:\/\/www.montedospinheirinhos.com\/diary\/wp-content\/uploads\/2006\/09\/Sudoeste7.jpg\" width=\"500\" \/><\/p>\n<p align=\"center\">Verdadeiras p\u00e9rolas que vamos contemplando, nunca do mesmo modo consoante os jogos de luz e sombra, atraem-nos vezes sem fim a esta parte de um\u00a0museu vivo que\u00a0tem as suas j\u00f3ias em perigo devido aos estragos ambientais\u00a0que se v\u00e3o tornando, infelizmente, cada vez mais recorrentes.<\/p>\n<p align=\"center\"><img loading=\"lazy\" decoding=\"async\" id=\"image336\" height=\"375\" alt=\"Sudoeste\" src=\"https:\/\/www.montedospinheirinhos.com\/diary\/wp-content\/uploads\/2006\/09\/Sudoeste5.jpg\" width=\"500\" \/><\/p>\n<p align=\"center\">Passeios como este tornam-se\u00a0para quem os faz em mem\u00f3rias de sonho\u00a0e,\u00a0se alguns n\u00e3o resistem a uns mergulhos nestas \u00e1guas frescas e limpas de modo a guardar uma sensa\u00e7\u00e3o mais f\u00edsica, a outros basta a contempla\u00e7\u00e3o serena e atenta de locais\u00a0que representam o que de mais\u00a0bonito e tradicional se pode ainda encontrar em Portugal, para desfrutar plenamente dessas recorda\u00e7\u00f5es.<\/p>\n<p align=\"center\"><img loading=\"lazy\" decoding=\"async\" id=\"image337\" height=\"375\" alt=\"Sudoeste\" src=\"https:\/\/www.montedospinheirinhos.com\/diary\/wp-content\/uploads\/2006\/09\/Sudoeste6.jpg\" width=\"500\" \/><\/p>\n<p align=\"center\"><img loading=\"lazy\" decoding=\"async\" id=\"image338\" height=\"375\" alt=\"Sudoeste\" src=\"https:\/\/www.montedospinheirinhos.com\/diary\/wp-content\/uploads\/2006\/09\/Sudoeste10.jpg\" width=\"500\" \/><\/p>\n<p align=\"center\"><img loading=\"lazy\" decoding=\"async\" id=\"image339\" height=\"375\" alt=\"Sudoeste\" src=\"https:\/\/www.montedospinheirinhos.com\/diary\/wp-content\/uploads\/2006\/09\/Sudoeste12.jpg\" width=\"500\" \/><\/p>\n<p align=\"center\"><img loading=\"lazy\" decoding=\"async\" id=\"image340\" height=\"375\" alt=\"Sudoeste\" src=\"https:\/\/www.montedospinheirinhos.com\/diary\/wp-content\/uploads\/2006\/09\/Sudoeste8.jpg\" width=\"500\" \/><\/p>\n<p align=\"center\">Estas p\u00e9rolas s\u00e3o parte de um tesouro que a todos pertence e que todos t\u00eam que ajudar a preservar de modo a que, aqueles que hoje trazemos nos bra\u00e7os, possam amanh\u00e3 continuar a escrever as nossas mem\u00f3rias no livro eterno da Vida.<\/p>\n<p align=\"center\"><img loading=\"lazy\" decoding=\"async\" id=\"image341\" height=\"375\" alt=\"Sudoeste\" src=\"https:\/\/www.montedospinheirinhos.com\/diary\/wp-content\/uploads\/2006\/09\/Sudoeste13.jpg\" width=\"500\" \/><\/p>\n<p align=\"center\">\u00a0<\/p>\n","protected":false},"excerpt":{"rendered":"<p>Ap\u00f3s estas primeiras chuvas de fim de Ver\u00e3o e princ\u00edpio de Outono, que hoje come\u00e7a, s\u00e3o devolvidos \u00e0 terra cheiros e cores que\u00a0criam\u00a0dias magn\u00edficos, e que emanam uma sensa\u00e7\u00e3o de paz e plenitude que se reflectem no nosso interior. S\u00e3o dias em que podemos percorrer\u00a0o Sudoeste e redescobrir locais que nos s\u00e3o t\u00e3o familiares e,&#8230;<\/p>\n","protected":false},"author":1,"featured_media":0,"comment_status":"open","ping_status":"open","sticky":false,"template":"","format":"standard","meta":{"_kad_post_transparent":"","_kad_post_title":"","_kad_post_layout":"","_kad_post_sidebar_id":"","_kad_post_content_style":"","_kad_post_vertical_padding":"","_kad_post_feature":"","_kad_post_feature_position":"","_kad_post_header":false,"_kad_post_footer":false,"footnotes":""},"categories":[12],"tags":[],"_links":{"self":[{"href":"https:\/\/www.montedospinheirinhos.com\/diary\/wp-json\/wp\/v2\/posts\/335"}],"collection":[{"href":"https:\/\/www.montedospinheirinhos.com\/diary\/wp-json\/wp\/v2\/posts"}],"about":[{"href":"https:\/\/www.montedospinheirinhos.com\/diary\/wp-json\/wp\/v2\/types\/post"}],"author":[{"embeddable":true,"href":"https:\/\/www.montedospinheirinhos.com\/diary\/wp-json\/wp\/v2\/users\/1"}],"replies":[{"embeddable":true,"href":"https:\/\/www.montedospinheirinhos.com\/diary\/wp-json\/wp\/v2\/comments?post=335"}],"version-history":[{"count":0,"href":"https:\/\/www.montedospinheirinhos.com\/diary\/wp-json\/wp\/v2\/posts\/335\/revisions"}],"wp:attachment":[{"href":"https:\/\/www.montedospinheirinhos.com\/diary\/wp-json\/wp\/v2\/media?parent=335"}],"wp:term":[{"taxonomy":"category","embeddable":true,"href":"https:\/\/www.montedospinheirinhos.com\/diary\/wp-json\/wp\/v2\/categories?post=335"},{"taxonomy":"post_tag","embeddable":true,"href":"https:\/\/www.montedospinheirinhos.com\/diary\/wp-json\/wp\/v2\/tags?post=335"}],"curies":[{"name":"wp","href":"https:\/\/api.w.org\/{rel}","templated":true}]}}