{"id":312,"date":"2006-07-30T23:04:48","date_gmt":"2006-07-30T22:04:48","guid":{"rendered":"http:\/\/www.montedospinheirinhos.com\/diary\/?p=312"},"modified":"2006-07-30T23:04:48","modified_gmt":"2006-07-30T22:04:48","slug":"ferias-de-verao","status":"publish","type":"post","link":"https:\/\/www.montedospinheirinhos.com\/diary\/ferias-de-verao\/","title":{"rendered":"F\u00e9rias de Ver\u00e3o"},"content":{"rendered":"<p align=\"center\">Come\u00e7aram as f\u00e9rias de Ver\u00e3o para a maioria das pessoas e, na Zambujeira do Mar como em muitos outros lugares de veraneio,\u00a0tudo se transforma e anima com o movimento e colorido pr\u00f3prios da \u00e9poca.<\/p>\n<p align=\"center\"><img loading=\"lazy\" decoding=\"async\" id=\"image311\" height=\"375\" alt=\"Praia da Zambujeira\" src=\"https:\/\/www.montedospinheirinhos.com\/diary\/wp-content\/uploads\/2006\/07\/Praia%20da%20Zambujeira%20Ver\u00e3o.jpg\" width=\"500\" \/><\/p>\n<p align=\"center\">Todos escolhem o modo que mais gostam para passar as suas f\u00e9rias e entre o areal, as esplanadas e a pesca nas fal\u00e9sias, at\u00e9 ao p\u00f4r do sol, todos usufruem do que melhor a Zambujeira tem para oferecer.<\/p>\n<p align=\"center\"><img loading=\"lazy\" decoding=\"async\" id=\"image313\" height=\"375\" alt=\"Esplanada do Caf\u00e9 Fresco\" src=\"https:\/\/www.montedospinheirinhos.com\/diary\/wp-content\/uploads\/2006\/07\/Caf\u00e9%20Fresco.jpg\" width=\"500\" \/><\/p>\n<p align=\"center\"><img loading=\"lazy\" decoding=\"async\" id=\"image314\" height=\"375\" alt=\"Pescadores no Elias\" src=\"https:\/\/www.montedospinheirinhos.com\/diary\/wp-content\/uploads\/2006\/07\/Pescadores.jpg\" width=\"500\" \/><\/p>\n<p align=\"center\"><img loading=\"lazy\" decoding=\"async\" id=\"image315\" height=\"375\" alt=\"P\u00f4r do Sol\" src=\"https:\/\/www.montedospinheirinhos.com\/diary\/wp-content\/uploads\/2006\/07\/P\u00f4r%20do%20Sol1.jpg\" width=\"500\" \/><\/p>\n<p align=\"center\">Entretanto, na Herdade da Casa Branca, tudo est\u00e1 em marcha para que, na semana que vem, arranque o Festival do Sudoeste 2006.<\/p>\n<p align=\"center\"><img loading=\"lazy\" decoding=\"async\" id=\"image316\" height=\"375\" alt=\" Recinto do Festival\" src=\"https:\/\/www.montedospinheirinhos.com\/diary\/wp-content\/uploads\/2006\/07\/Festival.jpg\" width=\"500\" \/><\/p>\n","protected":false},"excerpt":{"rendered":"<p>Come\u00e7aram as f\u00e9rias de Ver\u00e3o para a maioria das pessoas e, na Zambujeira do Mar como em muitos outros lugares de veraneio,\u00a0tudo se transforma e anima com o movimento e colorido pr\u00f3prios da \u00e9poca. Todos escolhem o modo que mais gostam para passar as suas f\u00e9rias e entre o areal, as esplanadas e a pesca&#8230;<\/p>\n","protected":false},"author":1,"featured_media":0,"comment_status":"open","ping_status":"open","sticky":false,"template":"","format":"standard","meta":{"_kad_post_transparent":"","_kad_post_title":"","_kad_post_layout":"","_kad_post_sidebar_id":"","_kad_post_content_style":"","_kad_post_vertical_padding":"","_kad_post_feature":"","_kad_post_feature_position":"","_kad_post_header":false,"_kad_post_footer":false,"footnotes":""},"categories":[9],"tags":[],"_links":{"self":[{"href":"https:\/\/www.montedospinheirinhos.com\/diary\/wp-json\/wp\/v2\/posts\/312"}],"collection":[{"href":"https:\/\/www.montedospinheirinhos.com\/diary\/wp-json\/wp\/v2\/posts"}],"about":[{"href":"https:\/\/www.montedospinheirinhos.com\/diary\/wp-json\/wp\/v2\/types\/post"}],"author":[{"embeddable":true,"href":"https:\/\/www.montedospinheirinhos.com\/diary\/wp-json\/wp\/v2\/users\/1"}],"replies":[{"embeddable":true,"href":"https:\/\/www.montedospinheirinhos.com\/diary\/wp-json\/wp\/v2\/comments?post=312"}],"version-history":[{"count":0,"href":"https:\/\/www.montedospinheirinhos.com\/diary\/wp-json\/wp\/v2\/posts\/312\/revisions"}],"wp:attachment":[{"href":"https:\/\/www.montedospinheirinhos.com\/diary\/wp-json\/wp\/v2\/media?parent=312"}],"wp:term":[{"taxonomy":"category","embeddable":true,"href":"https:\/\/www.montedospinheirinhos.com\/diary\/wp-json\/wp\/v2\/categories?post=312"},{"taxonomy":"post_tag","embeddable":true,"href":"https:\/\/www.montedospinheirinhos.com\/diary\/wp-json\/wp\/v2\/tags?post=312"}],"curies":[{"name":"wp","href":"https:\/\/api.w.org\/{rel}","templated":true}]}}