{"id":245,"date":"2006-04-22T16:16:28","date_gmt":"2006-04-22T16:16:28","guid":{"rendered":"http:\/\/www.montedospinheirinhos.com\/diary\/?p=245"},"modified":"2006-04-22T17:13:18","modified_gmt":"2006-04-22T17:13:18","slug":"dia-da-terra","status":"publish","type":"post","link":"https:\/\/www.montedospinheirinhos.com\/diary\/dia-da-terra\/","title":{"rendered":"Dia da Terra"},"content":{"rendered":"<p align=\"center\">\u00a0<font size=\"2\"><em>\u201c&#8230; tudo sai da terra e tudo volta \u00e0 terra&#8230;\u201d<\/em><\/font><\/p>\n<p align=\"center\"><font size=\"2\"><strong>Xen\u00f3fanes de C\u00f3lofon<\/strong> &#8211; Fil\u00f3sofo pr\u00e9-Socr\u00e1tico (570-528 a.C.)<\/font><\/p>\n<p align=\"center\"><img loading=\"lazy\" decoding=\"async\" id=\"image243\" height=\"375\" alt=\"Monte dos Pinheirinhos\" src=\"https:\/\/www.montedospinheirinhos.com\/diary\/wp-content\/uploads\/2006\/04\/Monte.jpg\" width=\"500\" \/>\u00a0<\/p>\n<p align=\"center\">O Monte dos Pinheirinhos associa-se \u00e0s celebra\u00e7\u00f5es do Dia Mundial da Terra com uma mostra de algumas das flores que crescem naturalmente \u00e0 volta da casa.<\/p>\n<p align=\"center\"><img loading=\"lazy\" decoding=\"async\" id=\"image244\" height=\"375\" alt=\"Flores\" src=\"https:\/\/www.montedospinheirinhos.com\/diary\/wp-content\/uploads\/2006\/04\/Flores1.jpg\" width=\"500\" \/><\/p>\n<p align=\"center\"><img loading=\"lazy\" decoding=\"async\" id=\"image246\" height=\"375\" alt=\"Flores\" src=\"https:\/\/www.montedospinheirinhos.com\/diary\/wp-content\/uploads\/2006\/04\/Flores3.jpg\" width=\"500\" \/><\/p>\n<p align=\"center\"><img loading=\"lazy\" decoding=\"async\" id=\"image247\" height=\"375\" alt=\"Flores\" src=\"https:\/\/www.montedospinheirinhos.com\/diary\/wp-content\/uploads\/2006\/04\/Flores6.jpg\" width=\"500\" \/><\/p>\n<p align=\"center\">Filhas dilectas da Terra, nascem para dar\u00a0vida ao mundo e prazer aos nossos sentidos, numa paleta de cores e cheiros que nos revigoram a alma.<\/p>\n<p align=\"center\"><img loading=\"lazy\" decoding=\"async\" id=\"image248\" height=\"375\" alt=\"Flores\" src=\"https:\/\/www.montedospinheirinhos.com\/diary\/wp-content\/uploads\/2006\/04\/Flores11.jpg\" width=\"500\" \/><\/p>\n<p align=\"center\"><img loading=\"lazy\" decoding=\"async\" id=\"image249\" height=\"375\" alt=\"Flores\" src=\"https:\/\/www.montedospinheirinhos.com\/diary\/wp-content\/uploads\/2006\/04\/Flores.jpg\" width=\"500\" \/><\/p>\n<p align=\"center\"><img loading=\"lazy\" decoding=\"async\" id=\"image250\" height=\"375\" alt=\"Flores\" src=\"https:\/\/www.montedospinheirinhos.com\/diary\/wp-content\/uploads\/2006\/04\/Flores17.jpg\" width=\"500\" \/><\/p>\n<p align=\"center\"><img loading=\"lazy\" decoding=\"async\" id=\"image251\" height=\"375\" alt=\"Flores\" src=\"https:\/\/www.montedospinheirinhos.com\/diary\/wp-content\/uploads\/2006\/04\/Flores13.jpg\" width=\"500\" \/><\/p>\n<p align=\"center\"><img loading=\"lazy\" decoding=\"async\" id=\"image252\" height=\"375\" alt=\"Flores\" src=\"https:\/\/www.montedospinheirinhos.com\/diary\/wp-content\/uploads\/2006\/04\/Flores12.jpg\" width=\"500\" \/><\/p>\n<p align=\"center\"><img loading=\"lazy\" decoding=\"async\" id=\"image255\" height=\"375\" alt=\"Flores\" src=\"https:\/\/www.montedospinheirinhos.com\/diary\/wp-content\/uploads\/2006\/04\/Flores7.jpg\" width=\"500\" \/><\/p>\n<p align=\"center\">Finas e delicadas, possuem um mundo de pequenos detalhes que a n\u00f3s passam\u00a0despercebidos mas que aos olhos dos insectos, por exemplo,\u00a0revelam uma linguagem que apenas conhecemos superficialmente, pelo que muito h\u00e1 a preservar de modo a podermos continuar a\u00a0compreender este mundo que nos rodeia.<\/p>\n<p align=\"center\"><img loading=\"lazy\" decoding=\"async\" id=\"image258\" height=\"375\" alt=\"Flores\" src=\"https:\/\/www.montedospinheirinhos.com\/diary\/wp-content\/uploads\/2006\/04\/Flores16.jpg\" width=\"500\" \/><\/p>\n<p align=\"center\"><img loading=\"lazy\" decoding=\"async\" id=\"image253\" height=\"375\" alt=\"Flores\" src=\"https:\/\/www.montedospinheirinhos.com\/diary\/wp-content\/uploads\/2006\/04\/Flores5.jpg\" width=\"500\" \/><\/p>\n<p align=\"center\"><img loading=\"lazy\" decoding=\"async\" id=\"image254\" height=\"375\" alt=\"Flores\" src=\"https:\/\/www.montedospinheirinhos.com\/diary\/wp-content\/uploads\/2006\/04\/Flores4.jpg\" width=\"500\" \/><\/p>\n<p align=\"center\"><img loading=\"lazy\" decoding=\"async\" id=\"image256\" height=\"375\" alt=\"Flores\" src=\"https:\/\/www.montedospinheirinhos.com\/diary\/wp-content\/uploads\/2006\/04\/Flores15.jpg\" width=\"500\" \/><\/p>\n<p align=\"center\"><img loading=\"lazy\" decoding=\"async\" id=\"image257\" height=\"375\" alt=\"Flores\" src=\"https:\/\/www.montedospinheirinhos.com\/diary\/wp-content\/uploads\/2006\/04\/Flores8.jpg\" width=\"500\" \/><\/p>\n","protected":false},"excerpt":{"rendered":"<p>\u00a0\u201c&#8230; tudo sai da terra e tudo volta \u00e0 terra&#8230;\u201d Xen\u00f3fanes de C\u00f3lofon &#8211; Fil\u00f3sofo pr\u00e9-Socr\u00e1tico (570-528 a.C.) \u00a0 O Monte dos Pinheirinhos associa-se \u00e0s celebra\u00e7\u00f5es do Dia Mundial da Terra com uma mostra de algumas das flores que crescem naturalmente \u00e0 volta da casa. Filhas dilectas da Terra, nascem para dar\u00a0vida ao mundo e&#8230;<\/p>\n","protected":false},"author":1,"featured_media":0,"comment_status":"open","ping_status":"open","sticky":false,"template":"","format":"standard","meta":{"_kad_post_transparent":"","_kad_post_title":"","_kad_post_layout":"","_kad_post_sidebar_id":"","_kad_post_content_style":"","_kad_post_vertical_padding":"","_kad_post_feature":"","_kad_post_feature_position":"","_kad_post_header":false,"_kad_post_footer":false,"footnotes":""},"categories":[12],"tags":[],"_links":{"self":[{"href":"https:\/\/www.montedospinheirinhos.com\/diary\/wp-json\/wp\/v2\/posts\/245"}],"collection":[{"href":"https:\/\/www.montedospinheirinhos.com\/diary\/wp-json\/wp\/v2\/posts"}],"about":[{"href":"https:\/\/www.montedospinheirinhos.com\/diary\/wp-json\/wp\/v2\/types\/post"}],"author":[{"embeddable":true,"href":"https:\/\/www.montedospinheirinhos.com\/diary\/wp-json\/wp\/v2\/users\/1"}],"replies":[{"embeddable":true,"href":"https:\/\/www.montedospinheirinhos.com\/diary\/wp-json\/wp\/v2\/comments?post=245"}],"version-history":[{"count":0,"href":"https:\/\/www.montedospinheirinhos.com\/diary\/wp-json\/wp\/v2\/posts\/245\/revisions"}],"wp:attachment":[{"href":"https:\/\/www.montedospinheirinhos.com\/diary\/wp-json\/wp\/v2\/media?parent=245"}],"wp:term":[{"taxonomy":"category","embeddable":true,"href":"https:\/\/www.montedospinheirinhos.com\/diary\/wp-json\/wp\/v2\/categories?post=245"},{"taxonomy":"post_tag","embeddable":true,"href":"https:\/\/www.montedospinheirinhos.com\/diary\/wp-json\/wp\/v2\/tags?post=245"}],"curies":[{"name":"wp","href":"https:\/\/api.w.org\/{rel}","templated":true}]}}