{"id":1246,"date":"2011-06-23T21:37:17","date_gmt":"2011-06-23T21:37:17","guid":{"rendered":"http:\/\/www.montedospinheirinhos.com\/diary\/?p=1246"},"modified":"2011-06-23T21:37:18","modified_gmt":"2011-06-23T21:37:18","slug":"feira-antiga","status":"publish","type":"post","link":"https:\/\/www.montedospinheirinhos.com\/diary\/feira-antiga\/","title":{"rendered":"Feira Antiga"},"content":{"rendered":"<p style=\"text-align: center;\">No passado Domingo realizou-se no Largo Gomes Freire a reconstitui\u00e7\u00e3o do antigo &#8220;Mercado do Quintal\u00e3o&#8221;, mercado esse que, no in\u00edcio do s\u00e9culo passado, reunia os comerciantes de gado e alguns artes\u00e3os que a\u00ed tinham o seu local de encontro para realizar os seus neg\u00f3cios.<\/p>\n<p style=\"text-align: center;\"><img loading=\"lazy\" decoding=\"async\" class=\"aligncenter size-full wp-image-1247\" title=\"Neg\u00f3cios de gado\" src=\"https:\/\/www.montedospinheirinhos.com\/diary\/wp-content\/uploads\/2011\/06\/IMG_2807_tonemapped.jpg\" alt=\"\" width=\"500\" height=\"333\" srcset=\"https:\/\/www.montedospinheirinhos.com\/diary\/wp-content\/uploads\/2011\/06\/IMG_2807_tonemapped.jpg 500w, https:\/\/www.montedospinheirinhos.com\/diary\/wp-content\/uploads\/2011\/06\/IMG_2807_tonemapped-300x199.jpg 300w, https:\/\/www.montedospinheirinhos.com\/diary\/wp-content\/uploads\/2011\/06\/IMG_2807_tonemapped-150x99.jpg 150w\" sizes=\"(max-width: 500px) 100vw, 500px\" \/><\/p>\n<p style=\"text-align: center;\"><a href=\"https:\/\/www.montedospinheirinhos.com\/diary\/wp-content\/uploads\/2011\/06\/IMG_2827_tonemapped.jpg\"><img loading=\"lazy\" decoding=\"async\" class=\"aligncenter size-full wp-image-1265\" title=\"\u00c0  conversa\" src=\"https:\/\/www.montedospinheirinhos.com\/diary\/wp-content\/uploads\/2011\/06\/IMG_2827_tonemapped.jpg\" alt=\"\" width=\"500\" height=\"333\" srcset=\"https:\/\/www.montedospinheirinhos.com\/diary\/wp-content\/uploads\/2011\/06\/IMG_2827_tonemapped.jpg 500w, https:\/\/www.montedospinheirinhos.com\/diary\/wp-content\/uploads\/2011\/06\/IMG_2827_tonemapped-300x199.jpg 300w, https:\/\/www.montedospinheirinhos.com\/diary\/wp-content\/uploads\/2011\/06\/IMG_2827_tonemapped-150x99.jpg 150w\" sizes=\"(max-width: 500px) 100vw, 500px\" \/><\/a><a href=\"https:\/\/www.montedospinheirinhos.com\/diary\/wp-content\/uploads\/2011\/06\/IMG_2827_tonemapped.jpg\"><\/a><\/p>\n<p style=\"text-align: center;\"><a href=\"https:\/\/www.montedospinheirinhos.com\/diary\/wp-content\/uploads\/2011\/06\/IMG_2804_tonemapped.jpg\"><img loading=\"lazy\" decoding=\"async\" class=\"aligncenter size-full wp-image-1248\" title=\"Juntas de bois\" src=\"https:\/\/www.montedospinheirinhos.com\/diary\/wp-content\/uploads\/2011\/06\/IMG_2804_tonemapped.jpg\" alt=\"\" width=\"500\" height=\"333\" srcset=\"https:\/\/www.montedospinheirinhos.com\/diary\/wp-content\/uploads\/2011\/06\/IMG_2804_tonemapped.jpg 500w, https:\/\/www.montedospinheirinhos.com\/diary\/wp-content\/uploads\/2011\/06\/IMG_2804_tonemapped-300x199.jpg 300w, https:\/\/www.montedospinheirinhos.com\/diary\/wp-content\/uploads\/2011\/06\/IMG_2804_tonemapped-150x99.jpg 150w\" sizes=\"(max-width: 500px) 100vw, 500px\" \/><\/a><\/p>\n<p style=\"text-align: center;\">Debaixo do Mastro a popula\u00e7\u00e3o reuniu-se e participou na Festa, vestida com adere\u00e7os alusivos a esses tempos passados, e\u00a0trouxe consigo objectos e petiscos tradicionais da regi\u00e3o que deliciaram todos os que os puderam apreciar.<\/p>\n<p style=\"text-align: center;\"><a href=\"https:\/\/www.montedospinheirinhos.com\/diary\/wp-content\/uploads\/2011\/06\/IMG_2829_tonemapped.jpg\"><img loading=\"lazy\" decoding=\"async\" class=\"aligncenter size-full wp-image-1249\" title=\"Festa do Quintal\u00e3o\" src=\"https:\/\/www.montedospinheirinhos.com\/diary\/wp-content\/uploads\/2011\/06\/IMG_2829_tonemapped.jpg\" alt=\"\" width=\"500\" height=\"333\" srcset=\"https:\/\/www.montedospinheirinhos.com\/diary\/wp-content\/uploads\/2011\/06\/IMG_2829_tonemapped.jpg 500w, https:\/\/www.montedospinheirinhos.com\/diary\/wp-content\/uploads\/2011\/06\/IMG_2829_tonemapped-300x199.jpg 300w, https:\/\/www.montedospinheirinhos.com\/diary\/wp-content\/uploads\/2011\/06\/IMG_2829_tonemapped-150x99.jpg 150w\" sizes=\"(max-width: 500px) 100vw, 500px\" \/><\/a><\/p>\n<p style=\"text-align: center;\"><a href=\"https:\/\/www.montedospinheirinhos.com\/diary\/wp-content\/uploads\/2011\/06\/IMG_2822_tonemapped.jpg\"><img loading=\"lazy\" decoding=\"async\" class=\"aligncenter size-full wp-image-1250\" title=\"\u00c0 volta do petisco\" src=\"https:\/\/www.montedospinheirinhos.com\/diary\/wp-content\/uploads\/2011\/06\/IMG_2822_tonemapped.jpg\" alt=\"\" width=\"500\" height=\"333\" srcset=\"https:\/\/www.montedospinheirinhos.com\/diary\/wp-content\/uploads\/2011\/06\/IMG_2822_tonemapped.jpg 500w, https:\/\/www.montedospinheirinhos.com\/diary\/wp-content\/uploads\/2011\/06\/IMG_2822_tonemapped-300x199.jpg 300w, https:\/\/www.montedospinheirinhos.com\/diary\/wp-content\/uploads\/2011\/06\/IMG_2822_tonemapped-150x99.jpg 150w\" sizes=\"(max-width: 500px) 100vw, 500px\" \/><\/a><\/p>\n<p style=\"text-align: center;\">Pequenos quadros vivos, e\u00a0outros mais abonecados, despertavam a aten\u00e7\u00e3o dos que acorreram ao evento, incluindo muitos turistas que estavam verdadeiramente encantados com a originalidade, as cores\u00a0do recinto, a alegria contagiante deste povo alentejano em festa genu\u00edna e aben\u00e7oada por um dia de sol, como ali\u00e1s \u00e9 costume neste dia \u00fanico.<\/p>\n<p style=\"text-align: center;\"><a href=\"https:\/\/www.montedospinheirinhos.com\/diary\/wp-content\/uploads\/2011\/06\/IMG_2796_tonemapped.jpg\"><img loading=\"lazy\" decoding=\"async\" class=\"aligncenter size-full wp-image-1252\" title=\"O pastor\" src=\"https:\/\/www.montedospinheirinhos.com\/diary\/wp-content\/uploads\/2011\/06\/IMG_2796_tonemapped.jpg\" alt=\"\" width=\"500\" height=\"333\" srcset=\"https:\/\/www.montedospinheirinhos.com\/diary\/wp-content\/uploads\/2011\/06\/IMG_2796_tonemapped.jpg 500w, https:\/\/www.montedospinheirinhos.com\/diary\/wp-content\/uploads\/2011\/06\/IMG_2796_tonemapped-300x199.jpg 300w, https:\/\/www.montedospinheirinhos.com\/diary\/wp-content\/uploads\/2011\/06\/IMG_2796_tonemapped-150x99.jpg 150w\" sizes=\"(max-width: 500px) 100vw, 500px\" \/><\/a><\/p>\n<p style=\"text-align: center;\">\u00a0<img loading=\"lazy\" decoding=\"async\" class=\"aligncenter size-full wp-image-1254\" title=\"A padeira e o seu forno\" src=\"https:\/\/www.montedospinheirinhos.com\/diary\/wp-content\/uploads\/2011\/06\/IMG_2809_tonemapped1.jpg\" alt=\"\" width=\"500\" height=\"333\" srcset=\"https:\/\/www.montedospinheirinhos.com\/diary\/wp-content\/uploads\/2011\/06\/IMG_2809_tonemapped1.jpg 500w, https:\/\/www.montedospinheirinhos.com\/diary\/wp-content\/uploads\/2011\/06\/IMG_2809_tonemapped1-300x199.jpg 300w, https:\/\/www.montedospinheirinhos.com\/diary\/wp-content\/uploads\/2011\/06\/IMG_2809_tonemapped1-150x99.jpg 150w\" sizes=\"(max-width: 500px) 100vw, 500px\" \/><\/p>\n<p style=\"text-align: center;\">\u00a0<a href=\"https:\/\/www.montedospinheirinhos.com\/diary\/wp-content\/uploads\/2011\/06\/IMG_2788_tonemapped.jpg\"><img loading=\"lazy\" decoding=\"async\" class=\"aligncenter size-full wp-image-1255\" title=\"Banca dos doces e trapilhos\" src=\"https:\/\/www.montedospinheirinhos.com\/diary\/wp-content\/uploads\/2011\/06\/IMG_2788_tonemapped.jpg\" alt=\"\" width=\"500\" height=\"333\" srcset=\"https:\/\/www.montedospinheirinhos.com\/diary\/wp-content\/uploads\/2011\/06\/IMG_2788_tonemapped.jpg 500w, https:\/\/www.montedospinheirinhos.com\/diary\/wp-content\/uploads\/2011\/06\/IMG_2788_tonemapped-300x199.jpg 300w, https:\/\/www.montedospinheirinhos.com\/diary\/wp-content\/uploads\/2011\/06\/IMG_2788_tonemapped-150x99.jpg 150w\" sizes=\"(max-width: 500px) 100vw, 500px\" \/><\/a><a href=\"https:\/\/www.montedospinheirinhos.com\/diary\/wp-content\/uploads\/2011\/06\/IMG_2788_tonemapped.jpg\"><\/a><\/p>\n<p style=\"text-align: center;\">\u00a0<a href=\"https:\/\/www.montedospinheirinhos.com\/diary\/wp-content\/uploads\/2011\/06\/IMG_2793_tonemapped.jpg\"><img loading=\"lazy\" decoding=\"async\" class=\"aligncenter size-full wp-image-1258\" title=\"A bordadeira\" src=\"https:\/\/www.montedospinheirinhos.com\/diary\/wp-content\/uploads\/2011\/06\/IMG_2793_tonemapped.jpg\" alt=\"\" width=\"333\" height=\"500\" srcset=\"https:\/\/www.montedospinheirinhos.com\/diary\/wp-content\/uploads\/2011\/06\/IMG_2793_tonemapped.jpg 333w, https:\/\/www.montedospinheirinhos.com\/diary\/wp-content\/uploads\/2011\/06\/IMG_2793_tonemapped-199x300.jpg 199w, https:\/\/www.montedospinheirinhos.com\/diary\/wp-content\/uploads\/2011\/06\/IMG_2793_tonemapped-99x150.jpg 99w\" sizes=\"(max-width: 333px) 100vw, 333px\" \/><\/a><\/p>\n<p style=\"text-align: center;\">\u00a0<a href=\"https:\/\/www.montedospinheirinhos.com\/diary\/wp-content\/uploads\/2011\/06\/IMG_2801_tonemapped.jpg\"><img loading=\"lazy\" decoding=\"async\" class=\"aligncenter size-full wp-image-1261\" title=\"Quadro antigo\" src=\"https:\/\/www.montedospinheirinhos.com\/diary\/wp-content\/uploads\/2011\/06\/IMG_2801_tonemapped.jpg\" alt=\"\" width=\"500\" height=\"333\" srcset=\"https:\/\/www.montedospinheirinhos.com\/diary\/wp-content\/uploads\/2011\/06\/IMG_2801_tonemapped.jpg 500w, https:\/\/www.montedospinheirinhos.com\/diary\/wp-content\/uploads\/2011\/06\/IMG_2801_tonemapped-300x199.jpg 300w, https:\/\/www.montedospinheirinhos.com\/diary\/wp-content\/uploads\/2011\/06\/IMG_2801_tonemapped-150x99.jpg 150w\" sizes=\"(max-width: 500px) 100vw, 500px\" \/><\/a><\/p>\n<p style=\"text-align: center;\"><img loading=\"lazy\" decoding=\"async\" class=\"aligncenter size-full wp-image-1262\" title=\"Quadro antigo\" src=\"https:\/\/www.montedospinheirinhos.com\/diary\/wp-content\/uploads\/2011\/06\/IMG_2800_tonemapped.jpg\" alt=\"\" width=\"500\" height=\"333\" srcset=\"https:\/\/www.montedospinheirinhos.com\/diary\/wp-content\/uploads\/2011\/06\/IMG_2800_tonemapped.jpg 500w, https:\/\/www.montedospinheirinhos.com\/diary\/wp-content\/uploads\/2011\/06\/IMG_2800_tonemapped-300x199.jpg 300w, https:\/\/www.montedospinheirinhos.com\/diary\/wp-content\/uploads\/2011\/06\/IMG_2800_tonemapped-150x99.jpg 150w\" sizes=\"(max-width: 500px) 100vw, 500px\" \/><\/p>\n<p style=\"text-align: center;\"><img loading=\"lazy\" decoding=\"async\" class=\"aligncenter size-full wp-image-1263\" title=\"Quadro antigo\" src=\"https:\/\/www.montedospinheirinhos.com\/diary\/wp-content\/uploads\/2011\/06\/IMG_2806_tonemapped.jpg\" alt=\"\" width=\"500\" height=\"333\" srcset=\"https:\/\/www.montedospinheirinhos.com\/diary\/wp-content\/uploads\/2011\/06\/IMG_2806_tonemapped.jpg 500w, https:\/\/www.montedospinheirinhos.com\/diary\/wp-content\/uploads\/2011\/06\/IMG_2806_tonemapped-300x199.jpg 300w, https:\/\/www.montedospinheirinhos.com\/diary\/wp-content\/uploads\/2011\/06\/IMG_2806_tonemapped-150x99.jpg 150w\" sizes=\"(max-width: 500px) 100vw, 500px\" \/><\/p>\n<p style=\"text-align: center;\"><a href=\"https:\/\/www.montedospinheirinhos.com\/diary\/wp-content\/uploads\/2011\/06\/IMG_2811_tonemapped.jpg\"><\/a><\/p>\n<p style=\"text-align: center;\">\u00a0<a href=\"https:\/\/www.montedospinheirinhos.com\/diary\/wp-content\/uploads\/2011\/06\/IMG_2816_tonemapped.jpg\"><img loading=\"lazy\" decoding=\"async\" class=\"aligncenter size-full wp-image-1266\" title=\"A banca do vinho\" src=\"https:\/\/www.montedospinheirinhos.com\/diary\/wp-content\/uploads\/2011\/06\/IMG_2816_tonemapped.jpg\" alt=\"\" width=\"500\" height=\"333\" srcset=\"https:\/\/www.montedospinheirinhos.com\/diary\/wp-content\/uploads\/2011\/06\/IMG_2816_tonemapped.jpg 500w, https:\/\/www.montedospinheirinhos.com\/diary\/wp-content\/uploads\/2011\/06\/IMG_2816_tonemapped-300x199.jpg 300w, https:\/\/www.montedospinheirinhos.com\/diary\/wp-content\/uploads\/2011\/06\/IMG_2816_tonemapped-150x99.jpg 150w\" sizes=\"(max-width: 500px) 100vw, 500px\" \/><\/a><\/p>\n<p style=\"text-align: center;\">E a Festa foi continuando no reencontro de amigos que participam com um esp\u00edrito de comunidade que apraz salientar e gostam de preservar as tradi\u00e7\u00f5es locais.<\/p>\n<p style=\"text-align: center;\"><img loading=\"lazy\" decoding=\"async\" title=\"As manas\" src=\"https:\/\/www.montedospinheirinhos.com\/diary\/wp-content\/uploads\/2011\/06\/IMG_2811_tonemapped.jpg\" alt=\"\" width=\"500\" height=\"333\" \/><\/p>\n<p style=\"text-align: center;\">\u00a0<img loading=\"lazy\" decoding=\"async\" class=\"aligncenter size-full wp-image-1268\" title=\"Petisco em fam\u00edlia\" src=\"https:\/\/www.montedospinheirinhos.com\/diary\/wp-content\/uploads\/2011\/06\/IMG_2820_tonemapped.jpg\" alt=\"\" width=\"500\" height=\"333\" srcset=\"https:\/\/www.montedospinheirinhos.com\/diary\/wp-content\/uploads\/2011\/06\/IMG_2820_tonemapped.jpg 500w, https:\/\/www.montedospinheirinhos.com\/diary\/wp-content\/uploads\/2011\/06\/IMG_2820_tonemapped-300x199.jpg 300w, https:\/\/www.montedospinheirinhos.com\/diary\/wp-content\/uploads\/2011\/06\/IMG_2820_tonemapped-150x99.jpg 150w\" sizes=\"(max-width: 500px) 100vw, 500px\" \/><\/p>\n<p style=\"text-align: center;\"><img loading=\"lazy\" decoding=\"async\" class=\"aligncenter size-full wp-image-1267\" title=\"Amigos\" src=\"https:\/\/www.montedospinheirinhos.com\/diary\/wp-content\/uploads\/2011\/06\/IMG_2821_tonemapped.jpg\" alt=\"\" width=\"500\" height=\"333\" srcset=\"https:\/\/www.montedospinheirinhos.com\/diary\/wp-content\/uploads\/2011\/06\/IMG_2821_tonemapped.jpg 500w, https:\/\/www.montedospinheirinhos.com\/diary\/wp-content\/uploads\/2011\/06\/IMG_2821_tonemapped-300x199.jpg 300w, https:\/\/www.montedospinheirinhos.com\/diary\/wp-content\/uploads\/2011\/06\/IMG_2821_tonemapped-150x99.jpg 150w\" sizes=\"(max-width: 500px) 100vw, 500px\" \/><\/p>\n<p style=\"text-align: center;\"><a href=\"https:\/\/www.montedospinheirinhos.com\/diary\/wp-content\/uploads\/2011\/06\/IMG_2824_tonemapped.jpg\"><img loading=\"lazy\" decoding=\"async\" class=\"aligncenter size-full wp-image-1269\" title=\"A festa\" src=\"https:\/\/www.montedospinheirinhos.com\/diary\/wp-content\/uploads\/2011\/06\/IMG_2824_tonemapped.jpg\" alt=\"\" width=\"500\" height=\"333\" srcset=\"https:\/\/www.montedospinheirinhos.com\/diary\/wp-content\/uploads\/2011\/06\/IMG_2824_tonemapped.jpg 500w, https:\/\/www.montedospinheirinhos.com\/diary\/wp-content\/uploads\/2011\/06\/IMG_2824_tonemapped-300x199.jpg 300w, https:\/\/www.montedospinheirinhos.com\/diary\/wp-content\/uploads\/2011\/06\/IMG_2824_tonemapped-150x99.jpg 150w\" sizes=\"(max-width: 500px) 100vw, 500px\" \/><\/a><\/p>\n<p style=\"text-align: center;\"><a href=\"https:\/\/www.montedospinheirinhos.com\/diary\/wp-content\/uploads\/2011\/06\/IMG_2797_tonemapped.jpg\"><img loading=\"lazy\" decoding=\"async\" class=\"aligncenter size-full wp-image-1270\" title=\"O medronho\" src=\"https:\/\/www.montedospinheirinhos.com\/diary\/wp-content\/uploads\/2011\/06\/IMG_2797_tonemapped.jpg\" alt=\"\" width=\"500\" height=\"333\" srcset=\"https:\/\/www.montedospinheirinhos.com\/diary\/wp-content\/uploads\/2011\/06\/IMG_2797_tonemapped.jpg 500w, https:\/\/www.montedospinheirinhos.com\/diary\/wp-content\/uploads\/2011\/06\/IMG_2797_tonemapped-300x199.jpg 300w, https:\/\/www.montedospinheirinhos.com\/diary\/wp-content\/uploads\/2011\/06\/IMG_2797_tonemapped-150x99.jpg 150w\" sizes=\"(max-width: 500px) 100vw, 500px\" \/><\/a><\/p>\n<p style=\"text-align: center;\">\u00a0<a href=\"https:\/\/www.montedospinheirinhos.com\/diary\/wp-content\/uploads\/2011\/06\/IMG_2831_tonemapped.jpg\"><img loading=\"lazy\" decoding=\"async\" class=\"aligncenter size-full wp-image-1272\" title=\"Ai M\u00e3e!\" src=\"https:\/\/www.montedospinheirinhos.com\/diary\/wp-content\/uploads\/2011\/06\/IMG_2831_tonemapped.jpg\" alt=\"\" width=\"500\" height=\"333\" srcset=\"https:\/\/www.montedospinheirinhos.com\/diary\/wp-content\/uploads\/2011\/06\/IMG_2831_tonemapped.jpg 500w, https:\/\/www.montedospinheirinhos.com\/diary\/wp-content\/uploads\/2011\/06\/IMG_2831_tonemapped-300x199.jpg 300w, https:\/\/www.montedospinheirinhos.com\/diary\/wp-content\/uploads\/2011\/06\/IMG_2831_tonemapped-150x99.jpg 150w\" sizes=\"(max-width: 500px) 100vw, 500px\" \/><\/a><\/p>\n<p style=\"text-align: center;\"><a href=\"https:\/\/www.montedospinheirinhos.com\/diary\/wp-content\/uploads\/2011\/06\/IMG_2821_tonemapped.jpg\"><\/a><\/p>\n","protected":false},"excerpt":{"rendered":"<p>No passado Domingo realizou-se no Largo Gomes Freire a reconstitui\u00e7\u00e3o do antigo &#8220;Mercado do Quintal\u00e3o&#8221;, mercado esse que, no in\u00edcio do s\u00e9culo passado, reunia os comerciantes de gado e alguns artes\u00e3os que a\u00ed tinham o seu local de encontro para realizar os seus neg\u00f3cios. Debaixo do Mastro a popula\u00e7\u00e3o reuniu-se e participou na Festa, vestida&#8230;<\/p>\n","protected":false},"author":1,"featured_media":0,"comment_status":"closed","ping_status":"open","sticky":false,"template":"","format":"standard","meta":{"_kad_post_transparent":"","_kad_post_title":"","_kad_post_layout":"","_kad_post_sidebar_id":"","_kad_post_content_style":"","_kad_post_vertical_padding":"","_kad_post_feature":"","_kad_post_feature_position":"","_kad_post_header":false,"_kad_post_footer":false,"footnotes":""},"categories":[5],"tags":[],"_links":{"self":[{"href":"https:\/\/www.montedospinheirinhos.com\/diary\/wp-json\/wp\/v2\/posts\/1246"}],"collection":[{"href":"https:\/\/www.montedospinheirinhos.com\/diary\/wp-json\/wp\/v2\/posts"}],"about":[{"href":"https:\/\/www.montedospinheirinhos.com\/diary\/wp-json\/wp\/v2\/types\/post"}],"author":[{"embeddable":true,"href":"https:\/\/www.montedospinheirinhos.com\/diary\/wp-json\/wp\/v2\/users\/1"}],"replies":[{"embeddable":true,"href":"https:\/\/www.montedospinheirinhos.com\/diary\/wp-json\/wp\/v2\/comments?post=1246"}],"version-history":[{"count":10,"href":"https:\/\/www.montedospinheirinhos.com\/diary\/wp-json\/wp\/v2\/posts\/1246\/revisions"}],"predecessor-version":[{"id":1276,"href":"https:\/\/www.montedospinheirinhos.com\/diary\/wp-json\/wp\/v2\/posts\/1246\/revisions\/1276"}],"wp:attachment":[{"href":"https:\/\/www.montedospinheirinhos.com\/diary\/wp-json\/wp\/v2\/media?parent=1246"}],"wp:term":[{"taxonomy":"category","embeddable":true,"href":"https:\/\/www.montedospinheirinhos.com\/diary\/wp-json\/wp\/v2\/categories?post=1246"},{"taxonomy":"post_tag","embeddable":true,"href":"https:\/\/www.montedospinheirinhos.com\/diary\/wp-json\/wp\/v2\/tags?post=1246"}],"curies":[{"name":"wp","href":"https:\/\/api.w.org\/{rel}","templated":true}]}}