{"id":1207,"date":"2011-06-17T00:11:52","date_gmt":"2011-06-17T00:11:52","guid":{"rendered":"http:\/\/www.montedospinheirinhos.com\/diary\/?p=1207"},"modified":"2011-06-17T08:23:51","modified_gmt":"2011-06-17T08:23:51","slug":"a-festa-continua-em-s-teotonio","status":"publish","type":"post","link":"https:\/\/www.montedospinheirinhos.com\/diary\/a-festa-continua-em-s-teotonio\/","title":{"rendered":"A Festa continua em S. Teot\u00f3nio"},"content":{"rendered":"<p style=\"text-align: center;\">O Festival dos Mastros tem, al\u00e9m dos enfeites em papel que v\u00e3o enchendo as ruas de muita cor e originalidade, v\u00e1rios eventos que contribuem para valorizar a Festa.<\/p>\n<p style=\"text-align: center;\"><a href=\"https:\/\/www.montedospinheirinhos.com\/diary\/wp-content\/uploads\/2011\/06\/IMG_2703_tonemapped.jpg\"><img loading=\"lazy\" decoding=\"async\" class=\"aligncenter size-full wp-image-1213\" title=\"Festival de Mastros\" src=\"https:\/\/www.montedospinheirinhos.com\/diary\/wp-content\/uploads\/2011\/06\/IMG_2703_tonemapped.jpg\" alt=\"\" width=\"500\" height=\"333\" srcset=\"https:\/\/www.montedospinheirinhos.com\/diary\/wp-content\/uploads\/2011\/06\/IMG_2703_tonemapped.jpg 500w, https:\/\/www.montedospinheirinhos.com\/diary\/wp-content\/uploads\/2011\/06\/IMG_2703_tonemapped-300x199.jpg 300w, https:\/\/www.montedospinheirinhos.com\/diary\/wp-content\/uploads\/2011\/06\/IMG_2703_tonemapped-150x99.jpg 150w\" sizes=\"(max-width: 500px) 100vw, 500px\" \/><\/a><\/p>\n<p style=\"text-align: center;\"><a href=\"https:\/\/www.montedospinheirinhos.com\/diary\/wp-content\/uploads\/2011\/06\/IMG_2709_tonemapped.jpg\"><img loading=\"lazy\" decoding=\"async\" class=\"aligncenter size-full wp-image-1214\" title=\"Noiva de Sto Ant\u00f3nio\" src=\"https:\/\/www.montedospinheirinhos.com\/diary\/wp-content\/uploads\/2011\/06\/IMG_2709_tonemapped.jpg\" alt=\"\" width=\"500\" height=\"333\" srcset=\"https:\/\/www.montedospinheirinhos.com\/diary\/wp-content\/uploads\/2011\/06\/IMG_2709_tonemapped.jpg 500w, https:\/\/www.montedospinheirinhos.com\/diary\/wp-content\/uploads\/2011\/06\/IMG_2709_tonemapped-300x199.jpg 300w, https:\/\/www.montedospinheirinhos.com\/diary\/wp-content\/uploads\/2011\/06\/IMG_2709_tonemapped-150x99.jpg 150w\" sizes=\"(max-width: 500px) 100vw, 500px\" \/><\/a><\/p>\n<p style=\"text-align: center;\">Este ano,\u00a0um grupo local, o <strong>Grupo de Teatro Cabanita<\/strong>, levou a cena uma pequena pe\u00e7a original, intitulada <em>Um dia desigual<\/em> e que chamou ao anfiteatro da Fonte uma pequena multid\u00e3o que se encantou com o desempenho dos jovens actores amadores.<\/p>\n<p style=\"text-align: center;\"><a href=\"https:\/\/www.montedospinheirinhos.com\/diary\/wp-content\/uploads\/2011\/06\/IMG_2688.jpg\"><img loading=\"lazy\" decoding=\"async\" class=\"aligncenter size-full wp-image-1215\" title=\"&quot;Algu\u00e9m viu o Amadeu?&quot;\" src=\"https:\/\/www.montedospinheirinhos.com\/diary\/wp-content\/uploads\/2011\/06\/IMG_2688.jpg\" alt=\"\" width=\"500\" height=\"333\" srcset=\"https:\/\/www.montedospinheirinhos.com\/diary\/wp-content\/uploads\/2011\/06\/IMG_2688.jpg 500w, https:\/\/www.montedospinheirinhos.com\/diary\/wp-content\/uploads\/2011\/06\/IMG_2688-300x199.jpg 300w, https:\/\/www.montedospinheirinhos.com\/diary\/wp-content\/uploads\/2011\/06\/IMG_2688-150x99.jpg 150w\" sizes=\"(max-width: 500px) 100vw, 500px\" \/><\/a><\/p>\n<p style=\"text-align: center;\">Junto\u00a0uma liga\u00e7\u00e3o para um pequeno excerto que espero resulte a gosto dos que consultam este espa\u00e7o.<\/p>\n<p style=\"text-align: center;\"><a href=\"https:\/\/www.montedospinheirinhos.com\/diary\/wp-content\/uploads\/2011\/06\/Teatro.wmv\">Teatro<\/a><\/p>\n<p style=\"text-align: center;\">\u00a0Os bailes nocturnos s\u00e3o um dos pontos altos das festas de S. Teot\u00f3nio. Com o finalizar da decora\u00e7\u00e3o de um determinado Mastro, correspondente a uma rua ou largo, as pessoas acorrem em grande n\u00famero para admirar o resultado e poder dan\u00e7ar ao som de um artista de reputa\u00e7\u00e3o local, sempre muito comentado e apreciado.<\/p>\n<p style=\"text-align: center;\"><a href=\"https:\/\/www.montedospinheirinhos.com\/diary\/wp-content\/uploads\/2011\/06\/IMG_2702_tonemapped.jpg\"><img loading=\"lazy\" decoding=\"async\" class=\"aligncenter size-full wp-image-1219\" title=\"Mastro do Grupo Desportivo Renascente\" src=\"https:\/\/www.montedospinheirinhos.com\/diary\/wp-content\/uploads\/2011\/06\/IMG_2702_tonemapped.jpg\" alt=\"\" width=\"500\" height=\"333\" srcset=\"https:\/\/www.montedospinheirinhos.com\/diary\/wp-content\/uploads\/2011\/06\/IMG_2702_tonemapped.jpg 500w, https:\/\/www.montedospinheirinhos.com\/diary\/wp-content\/uploads\/2011\/06\/IMG_2702_tonemapped-300x199.jpg 300w, https:\/\/www.montedospinheirinhos.com\/diary\/wp-content\/uploads\/2011\/06\/IMG_2702_tonemapped-150x99.jpg 150w\" sizes=\"(max-width: 500px) 100vw, 500px\" \/><\/a><\/p>\n<p style=\"text-align: center;\">\u00a0Ontem decorreu o Baile do Mastro do Cora\u00e7\u00e3o da Vila, na Pra\u00e7a da Rep\u00fablica e, o carinho dos que\u00a0prepararam e enfeitaram o &#8220;seu&#8221; Mastro, resultou numa festa que trouxe a popula\u00e7\u00e3o e turistas a apreciar o espect\u00e1culo e a dan\u00e7ar at\u00e9 de madrugada.<\/p>\n<p style=\"text-align: center;\"><a href=\"https:\/\/www.montedospinheirinhos.com\/diary\/wp-content\/uploads\/2011\/06\/IMG_2704_tonemapped.jpg\"><img loading=\"lazy\" decoding=\"async\" class=\"aligncenter size-full wp-image-1220\" title=\"Mastro do Cora\u00e7\u00e3o da Vila\" src=\"https:\/\/www.montedospinheirinhos.com\/diary\/wp-content\/uploads\/2011\/06\/IMG_2704_tonemapped.jpg\" alt=\"\" width=\"500\" height=\"333\" srcset=\"https:\/\/www.montedospinheirinhos.com\/diary\/wp-content\/uploads\/2011\/06\/IMG_2704_tonemapped.jpg 500w, https:\/\/www.montedospinheirinhos.com\/diary\/wp-content\/uploads\/2011\/06\/IMG_2704_tonemapped-300x199.jpg 300w, https:\/\/www.montedospinheirinhos.com\/diary\/wp-content\/uploads\/2011\/06\/IMG_2704_tonemapped-150x99.jpg 150w\" sizes=\"(max-width: 500px) 100vw, 500px\" \/><\/a><\/p>\n<p style=\"text-align: center;\"><a href=\"https:\/\/www.montedospinheirinhos.com\/diary\/wp-content\/uploads\/2011\/06\/IMG_2708_tonemapped.jpg\"><img loading=\"lazy\" decoding=\"async\" class=\"aligncenter size-full wp-image-1221\" title=\"Orgulho no &quot;seu&quot; Mastro\" src=\"https:\/\/www.montedospinheirinhos.com\/diary\/wp-content\/uploads\/2011\/06\/IMG_2708_tonemapped.jpg\" alt=\"\" width=\"500\" height=\"333\" srcset=\"https:\/\/www.montedospinheirinhos.com\/diary\/wp-content\/uploads\/2011\/06\/IMG_2708_tonemapped.jpg 500w, https:\/\/www.montedospinheirinhos.com\/diary\/wp-content\/uploads\/2011\/06\/IMG_2708_tonemapped-300x199.jpg 300w, https:\/\/www.montedospinheirinhos.com\/diary\/wp-content\/uploads\/2011\/06\/IMG_2708_tonemapped-150x99.jpg 150w\" sizes=\"(max-width: 500px) 100vw, 500px\" \/><\/a><\/p>\n<p style=\"text-align: center;\">\u00a0Ponho aqui tamb\u00e9m mais uma liga\u00e7\u00e3o para uma pequena amostra da atmosfera pr\u00f3pria desses bailes populares.<\/p>\n<p style=\"text-align: center;\"><a href=\"https:\/\/www.montedospinheirinhos.com\/diary\/wp-content\/uploads\/2011\/06\/O-Meu-Filme.wmv\">Baile do Cora\u00e7\u00e3o da Vila<\/a><\/p>\n<p style=\"text-align: center;\">\u00a0<\/p>\n","protected":false},"excerpt":{"rendered":"<p>O Festival dos Mastros tem, al\u00e9m dos enfeites em papel que v\u00e3o enchendo as ruas de muita cor e originalidade, v\u00e1rios eventos que contribuem para valorizar a Festa. Este ano,\u00a0um grupo local, o Grupo de Teatro Cabanita, levou a cena uma pequena pe\u00e7a original, intitulada Um dia desigual e que chamou ao anfiteatro da Fonte&#8230;<\/p>\n","protected":false},"author":1,"featured_media":0,"comment_status":"closed","ping_status":"open","sticky":false,"template":"","format":"standard","meta":{"_kad_post_transparent":"","_kad_post_title":"","_kad_post_layout":"","_kad_post_sidebar_id":"","_kad_post_content_style":"","_kad_post_vertical_padding":"","_kad_post_feature":"","_kad_post_feature_position":"","_kad_post_header":false,"_kad_post_footer":false,"footnotes":""},"categories":[5],"tags":[],"_links":{"self":[{"href":"https:\/\/www.montedospinheirinhos.com\/diary\/wp-json\/wp\/v2\/posts\/1207"}],"collection":[{"href":"https:\/\/www.montedospinheirinhos.com\/diary\/wp-json\/wp\/v2\/posts"}],"about":[{"href":"https:\/\/www.montedospinheirinhos.com\/diary\/wp-json\/wp\/v2\/types\/post"}],"author":[{"embeddable":true,"href":"https:\/\/www.montedospinheirinhos.com\/diary\/wp-json\/wp\/v2\/users\/1"}],"replies":[{"embeddable":true,"href":"https:\/\/www.montedospinheirinhos.com\/diary\/wp-json\/wp\/v2\/comments?post=1207"}],"version-history":[{"count":19,"href":"https:\/\/www.montedospinheirinhos.com\/diary\/wp-json\/wp\/v2\/posts\/1207\/revisions"}],"predecessor-version":[{"id":1235,"href":"https:\/\/www.montedospinheirinhos.com\/diary\/wp-json\/wp\/v2\/posts\/1207\/revisions\/1235"}],"wp:attachment":[{"href":"https:\/\/www.montedospinheirinhos.com\/diary\/wp-json\/wp\/v2\/media?parent=1207"}],"wp:term":[{"taxonomy":"category","embeddable":true,"href":"https:\/\/www.montedospinheirinhos.com\/diary\/wp-json\/wp\/v2\/categories?post=1207"},{"taxonomy":"post_tag","embeddable":true,"href":"https:\/\/www.montedospinheirinhos.com\/diary\/wp-json\/wp\/v2\/tags?post=1207"}],"curies":[{"name":"wp","href":"https:\/\/api.w.org\/{rel}","templated":true}]}}