{"id":1184,"date":"2011-06-14T22:09:26","date_gmt":"2011-06-14T22:09:26","guid":{"rendered":"http:\/\/www.montedospinheirinhos.com\/diary\/?p=1184"},"modified":"2011-06-14T22:17:04","modified_gmt":"2011-06-14T22:17:04","slug":"ruas-de-s-teotonio","status":"publish","type":"post","link":"https:\/\/www.montedospinheirinhos.com\/diary\/ruas-de-s-teotonio\/","title":{"rendered":"Ruas de S. Teot\u00f3nio"},"content":{"rendered":"<p style=\"text-align: center;\"><a href=\"https:\/\/www.montedospinheirinhos.com\/diary\/wp-content\/uploads\/2011\/06\/IMG_2632_tonemapped.jpg\"><\/a><\/p>\n<p style=\"text-align: center;\">Com o\u00a0in\u00edcio do Festival dos Mastros, as ruas e largos de S. Teot\u00f3nio come\u00e7aram a engalanar-se e todos os dias h\u00e1 motivos para se passear pela vila e admirar os trabalhos em papel que toda a popula\u00e7\u00e3o, pacientemente e ao longo de muitos meses, foi preparando.<\/p>\n<p style=\"text-align: center;\"><a href=\"https:\/\/www.montedospinheirinhos.com\/diary\/wp-content\/uploads\/2011\/06\/IMG_2608_tonemapped.jpg\"><img loading=\"lazy\" decoding=\"async\" class=\"aligncenter size-full wp-image-1185\" title=\"Igreja de S. Teot\u00f3nio\" src=\"https:\/\/www.montedospinheirinhos.com\/diary\/wp-content\/uploads\/2011\/06\/IMG_2608_tonemapped.jpg\" alt=\"\" width=\"500\" height=\"333\" srcset=\"https:\/\/www.montedospinheirinhos.com\/diary\/wp-content\/uploads\/2011\/06\/IMG_2608_tonemapped.jpg 500w, https:\/\/www.montedospinheirinhos.com\/diary\/wp-content\/uploads\/2011\/06\/IMG_2608_tonemapped-300x199.jpg 300w, https:\/\/www.montedospinheirinhos.com\/diary\/wp-content\/uploads\/2011\/06\/IMG_2608_tonemapped-150x99.jpg 150w\" sizes=\"(max-width: 500px) 100vw, 500px\" \/><\/a><\/p>\n<p style=\"text-align: center;\"><a href=\"https:\/\/www.montedospinheirinhos.com\/diary\/wp-content\/uploads\/2011\/06\/IMG_2623_4_5_tonemapped.jpg\"><img loading=\"lazy\" decoding=\"async\" class=\"aligncenter size-full wp-image-1187\" title=\"Largo Gomes Freire\" src=\"https:\/\/www.montedospinheirinhos.com\/diary\/wp-content\/uploads\/2011\/06\/IMG_2623_4_5_tonemapped.jpg\" alt=\"\" width=\"500\" height=\"333\" srcset=\"https:\/\/www.montedospinheirinhos.com\/diary\/wp-content\/uploads\/2011\/06\/IMG_2623_4_5_tonemapped.jpg 500w, https:\/\/www.montedospinheirinhos.com\/diary\/wp-content\/uploads\/2011\/06\/IMG_2623_4_5_tonemapped-300x199.jpg 300w, https:\/\/www.montedospinheirinhos.com\/diary\/wp-content\/uploads\/2011\/06\/IMG_2623_4_5_tonemapped-150x99.jpg 150w\" sizes=\"(max-width: 500px) 100vw, 500px\" \/><\/a><\/p>\n<p style=\"text-align: center;\">\u00a0As cores, os motivos, este ano ligados ao tema<strong> &#8220;Hist\u00f3rias e lendas da freguesia&#8221;<\/strong>, os padr\u00f5es das flores e dos quadros tem\u00e1ticos, o ambiente dos bailes nocturnos, tudo contribui para um festival de emo\u00e7\u00f5es que a todos encanta.<\/p>\n<p style=\"text-align: center;\"><a href=\"https:\/\/www.montedospinheirinhos.com\/diary\/wp-content\/uploads\/2011\/06\/IMG_2601_2_3_tonemapped.jpg\"><img loading=\"lazy\" decoding=\"async\" class=\"aligncenter size-full wp-image-1189\" title=\"Mastro do Quintal\u00e3o\" src=\"https:\/\/www.montedospinheirinhos.com\/diary\/wp-content\/uploads\/2011\/06\/IMG_2601_2_3_tonemapped.jpg\" alt=\"\" width=\"500\" height=\"333\" srcset=\"https:\/\/www.montedospinheirinhos.com\/diary\/wp-content\/uploads\/2011\/06\/IMG_2601_2_3_tonemapped.jpg 500w, https:\/\/www.montedospinheirinhos.com\/diary\/wp-content\/uploads\/2011\/06\/IMG_2601_2_3_tonemapped-300x199.jpg 300w, https:\/\/www.montedospinheirinhos.com\/diary\/wp-content\/uploads\/2011\/06\/IMG_2601_2_3_tonemapped-150x99.jpg 150w\" sizes=\"(max-width: 500px) 100vw, 500px\" \/><\/a><\/p>\n<p style=\"text-align: center;\"><a href=\"https:\/\/www.montedospinheirinhos.com\/diary\/wp-content\/uploads\/2011\/06\/IMG_2595_6_7_tonemapped.jpg\"><img loading=\"lazy\" decoding=\"async\" class=\"aligncenter size-full wp-image-1190\" title=\"Palco das Festas do Quintal\u00e3o\" src=\"https:\/\/www.montedospinheirinhos.com\/diary\/wp-content\/uploads\/2011\/06\/IMG_2595_6_7_tonemapped.jpg\" alt=\"\" width=\"500\" height=\"333\" srcset=\"https:\/\/www.montedospinheirinhos.com\/diary\/wp-content\/uploads\/2011\/06\/IMG_2595_6_7_tonemapped.jpg 500w, https:\/\/www.montedospinheirinhos.com\/diary\/wp-content\/uploads\/2011\/06\/IMG_2595_6_7_tonemapped-300x199.jpg 300w, https:\/\/www.montedospinheirinhos.com\/diary\/wp-content\/uploads\/2011\/06\/IMG_2595_6_7_tonemapped-150x99.jpg 150w\" sizes=\"(max-width: 500px) 100vw, 500px\" \/><\/a><\/p>\n<p style=\"text-align: center;\">\u00a0<img loading=\"lazy\" decoding=\"async\" title=\"Flores de papel\" src=\"https:\/\/www.montedospinheirinhos.com\/diary\/wp-content\/uploads\/2011\/06\/IMG_2657_tonemapped.jpg\" alt=\"\" width=\"500\" height=\"333\" \/><\/p>\n<p style=\"text-align: center;\"><img loading=\"lazy\" decoding=\"async\" class=\"aligncenter size-full wp-image-1192\" title=\"Flores de papel\" src=\"https:\/\/www.montedospinheirinhos.com\/diary\/wp-content\/uploads\/2011\/06\/IMG_2655_tonemapped.jpg\" alt=\"\" width=\"500\" height=\"333\" srcset=\"https:\/\/www.montedospinheirinhos.com\/diary\/wp-content\/uploads\/2011\/06\/IMG_2655_tonemapped.jpg 500w, https:\/\/www.montedospinheirinhos.com\/diary\/wp-content\/uploads\/2011\/06\/IMG_2655_tonemapped-300x199.jpg 300w, https:\/\/www.montedospinheirinhos.com\/diary\/wp-content\/uploads\/2011\/06\/IMG_2655_tonemapped-150x99.jpg 150w\" sizes=\"(max-width: 500px) 100vw, 500px\" \/><\/p>\n<p style=\"text-align: center;\"><img loading=\"lazy\" decoding=\"async\" class=\"aligncenter size-full wp-image-1198\" title=\"Sto Ant\u00f3nio\" src=\"https:\/\/www.montedospinheirinhos.com\/diary\/wp-content\/uploads\/2011\/06\/IMG_2583_tonemapped.jpg\" alt=\"\" width=\"500\" height=\"333\" srcset=\"https:\/\/www.montedospinheirinhos.com\/diary\/wp-content\/uploads\/2011\/06\/IMG_2583_tonemapped.jpg 500w, https:\/\/www.montedospinheirinhos.com\/diary\/wp-content\/uploads\/2011\/06\/IMG_2583_tonemapped-300x199.jpg 300w, https:\/\/www.montedospinheirinhos.com\/diary\/wp-content\/uploads\/2011\/06\/IMG_2583_tonemapped-150x99.jpg 150w\" sizes=\"(max-width: 500px) 100vw, 500px\" \/><a href=\"https:\/\/www.montedospinheirinhos.com\/diary\/wp-content\/uploads\/2011\/06\/IMG_2655_tonemapped.jpg\"><\/a><\/p>\n<p style=\"text-align: center;\">\u00a0<img loading=\"lazy\" decoding=\"async\" title=\"S. Jo\u00e3o\" src=\"https:\/\/www.montedospinheirinhos.com\/diary\/wp-content\/uploads\/2011\/06\/IMG_2586_7_8_tonemapped.jpg\" alt=\"\" width=\"500\" height=\"333\" \/><\/p>\n<p style=\"text-align: center;\"><img loading=\"lazy\" decoding=\"async\" title=\"Noivos de Sto Ant\u00f3nio\" src=\"https:\/\/www.montedospinheirinhos.com\/diary\/wp-content\/uploads\/2011\/06\/IMG_2585_tonemapped.jpg\" alt=\"\" width=\"333\" height=\"500\" \/><\/p>\n<p style=\"text-align: center;\">Todos os dias outras ruas v\u00e3o ficando prontas e d\u00e1 gosto percorr\u00ea-las observando os jogos de luz e as sombras que se projectam nas paredes e ch\u00e3o.<\/p>\n<p style=\"text-align: center;\"><img loading=\"lazy\" decoding=\"async\" title=\"Jogos de luz e sombra\" src=\"https:\/\/www.montedospinheirinhos.com\/diary\/wp-content\/uploads\/2011\/06\/IMG_2635_tonemapped.jpg\" alt=\"\" width=\"500\" height=\"333\" \/><\/p>\n<p style=\"text-align: center;\"><a href=\"https:\/\/www.montedospinheirinhos.com\/diary\/wp-content\/uploads\/2011\/06\/IMG_2665_tonemapped.jpg\"><img loading=\"lazy\" decoding=\"async\" class=\"aligncenter size-full wp-image-1197\" title=\"Mastro do Largo 25 de Abril\" src=\"https:\/\/www.montedospinheirinhos.com\/diary\/wp-content\/uploads\/2011\/06\/IMG_2665_tonemapped.jpg\" alt=\"\" width=\"333\" height=\"500\" srcset=\"https:\/\/www.montedospinheirinhos.com\/diary\/wp-content\/uploads\/2011\/06\/IMG_2665_tonemapped.jpg 333w, https:\/\/www.montedospinheirinhos.com\/diary\/wp-content\/uploads\/2011\/06\/IMG_2665_tonemapped-199x300.jpg 199w, https:\/\/www.montedospinheirinhos.com\/diary\/wp-content\/uploads\/2011\/06\/IMG_2665_tonemapped-99x150.jpg 99w\" sizes=\"(max-width: 333px) 100vw, 333px\" \/><\/a><\/p>\n<p style=\"text-align: center;\">\u00a0<\/p>\n","protected":false},"excerpt":{"rendered":"<p>Com o\u00a0in\u00edcio do Festival dos Mastros, as ruas e largos de S. Teot\u00f3nio come\u00e7aram a engalanar-se e todos os dias h\u00e1 motivos para se passear pela vila e admirar os trabalhos em papel que toda a popula\u00e7\u00e3o, pacientemente e ao longo de muitos meses, foi preparando. \u00a0As cores, os motivos, este ano ligados ao tema&#8230;<\/p>\n","protected":false},"author":1,"featured_media":0,"comment_status":"closed","ping_status":"open","sticky":false,"template":"","format":"standard","meta":{"_kad_post_transparent":"","_kad_post_title":"","_kad_post_layout":"","_kad_post_sidebar_id":"","_kad_post_content_style":"","_kad_post_vertical_padding":"","_kad_post_feature":"","_kad_post_feature_position":"","_kad_post_header":false,"_kad_post_footer":false,"footnotes":""},"categories":[5],"tags":[],"_links":{"self":[{"href":"https:\/\/www.montedospinheirinhos.com\/diary\/wp-json\/wp\/v2\/posts\/1184"}],"collection":[{"href":"https:\/\/www.montedospinheirinhos.com\/diary\/wp-json\/wp\/v2\/posts"}],"about":[{"href":"https:\/\/www.montedospinheirinhos.com\/diary\/wp-json\/wp\/v2\/types\/post"}],"author":[{"embeddable":true,"href":"https:\/\/www.montedospinheirinhos.com\/diary\/wp-json\/wp\/v2\/users\/1"}],"replies":[{"embeddable":true,"href":"https:\/\/www.montedospinheirinhos.com\/diary\/wp-json\/wp\/v2\/comments?post=1184"}],"version-history":[{"count":8,"href":"https:\/\/www.montedospinheirinhos.com\/diary\/wp-json\/wp\/v2\/posts\/1184\/revisions"}],"predecessor-version":[{"id":1206,"href":"https:\/\/www.montedospinheirinhos.com\/diary\/wp-json\/wp\/v2\/posts\/1184\/revisions\/1206"}],"wp:attachment":[{"href":"https:\/\/www.montedospinheirinhos.com\/diary\/wp-json\/wp\/v2\/media?parent=1184"}],"wp:term":[{"taxonomy":"category","embeddable":true,"href":"https:\/\/www.montedospinheirinhos.com\/diary\/wp-json\/wp\/v2\/categories?post=1184"},{"taxonomy":"post_tag","embeddable":true,"href":"https:\/\/www.montedospinheirinhos.com\/diary\/wp-json\/wp\/v2\/tags?post=1184"}],"curies":[{"name":"wp","href":"https:\/\/api.w.org\/{rel}","templated":true}]}}